{"id":2669,"date":"2015-03-19T12:38:59","date_gmt":"2015-03-19T12:38:59","guid":{"rendered":"http:\/\/172.16.0.7\/site-antigo\/?p=2669"},"modified":"2024-10-08T09:10:16","modified_gmt":"2024-10-08T12:10:16","slug":"municipio-inicia-recuperacao-de-rua-interditada","status":"publish","type":"post","link":"http:\/\/www.apucarana.pr.gov.br\/site\/municipio-inicia-recuperacao-de-rua-interditada\/","title":{"rendered":"Munic\u00edpio inicia recupera\u00e7\u00e3o de rua interditada"},"content":{"rendered":"<\/p>\n<p><span style=\"letter-spacing: -0.02em; line-height: 1.45em; background-color: initial;\">O prefeito de Apucarana, Beto Preto, vistoriou nesta quinta-feira (19\/03) o in\u00edcio dos trabalhos de recupera\u00e7\u00e3o da Rua Jo\u00e3o Sampaio, em trecho onde a via cedeu e teve que ser interditada. O servi\u00e7o deve ser conclu\u00eddo em 15 dias e envolve a substitui\u00e7\u00e3o dos tubos da rede de galerias pluviais, reconstitui\u00e7\u00e3o do asfalto, implanta\u00e7\u00e3o de um dissipador e aterramento. O investimento ser\u00e1 de cerca de R$ 30 mil, com recursos do pr\u00f3prio munic\u00edpio.<\/span><\/p>\n<p>O prefeito, que esteve acompanhado pelo secret\u00e1rio municipal de Governo, Dr. S\u00e9rgio Luiz Barroso, explica que o desmoronamento ocorreu no trecho por onde passa o C\u00f3rrego Ta\u00faba, depois das fortes chuvas registradas no in\u00edcio do m\u00eas. &ldquo;Buscando garantir a seguran\u00e7a dos motoristas, houve a interdi\u00e7\u00e3o completa desta rua, que faz a liga\u00e7\u00e3o entre os jardins Morada do Sol e Milani&rdquo;, observa.<\/p>\n<p>A via \u00e9 tamb\u00e9m bastante utilizada por estudantes, pois d\u00e1 acesso ao Col\u00e9gio Estadual Polivalente e \u00e0 Faculdade de Apucarana (FAP), e tamb\u00e9m por usu\u00e1rios da Unidade B\u00e1sica de Sa\u00fade <span>Philipe Weckewerth<\/span>. &ldquo;A rede para o escoamento da \u00e1gua das chuvas estava subdimensionada. Vamos agora ampliar o di&acirc;metro e a extens\u00e3o dos tubos. Antes, eles estavam colocados em 15 metros lineares e ser\u00e3o expandidos para 30 metros, enquanto o di&acirc;metro dos tubos aumentar\u00e1 de 0,80 metros para 1,50 metros&rdquo;, detalha Beto Preto.<\/p>\n<p>O prefeito pede a compreens\u00e3o dos moradores, salientando que a obra exigir\u00e1 servi\u00e7os complementares. &ldquo;Ser\u00e1 necess\u00e1rio refazer parcialmente o asfalto, al\u00e9m de um movimento de aterro com a coloca\u00e7\u00e3o de cerca de 300 caminh\u00f5es de terra. Esperamos que o tempo colabore e que possamos liberar o tr&acirc;nsito nesta rua o mais r\u00e1pido poss\u00edvel&rdquo;, projeta, informando que parte dos servi\u00e7os ser\u00e1 executada por empresa terceirizada e o restante com m\u00e1quinas e funcion\u00e1rios do pr\u00f3prio Munic\u00edpio. <\/p>\n<p><\/p><\/p>\n","protected":false},"excerpt":{"rendered":"<p>Servi&ccedil;os envolvem substitui&ccedil;&atilde;o dos tubos, reconstitui&ccedil;&atilde;o do asfalto, implanta&ccedil;&atilde;o de um dissipador e aterramento<\/p>\n","protected":false},"author":4,"featured_media":0,"comment_status":"closed","ping_status":"closed","sticky":false,"template":"","format":"standard","meta":{"footnotes":""},"categories":[24],"tags":[],"class_list":["post-2669","post","type-post","status-publish","format-standard","hentry","category-noticias"],"acf":[],"_links":{"self":[{"href":"http:\/\/www.apucarana.pr.gov.br\/site\/wp-json\/wp\/v2\/posts\/2669","targetHints":{"allow":["GET"]}}],"collection":[{"href":"http:\/\/www.apucarana.pr.gov.br\/site\/wp-json\/wp\/v2\/posts"}],"about":[{"href":"http:\/\/www.apucarana.pr.gov.br\/site\/wp-json\/wp\/v2\/types\/post"}],"author":[{"embeddable":true,"href":"http:\/\/www.apucarana.pr.gov.br\/site\/wp-json\/wp\/v2\/users\/4"}],"replies":[{"embeddable":true,"href":"http:\/\/www.apucarana.pr.gov.br\/site\/wp-json\/wp\/v2\/comments?post=2669"}],"version-history":[{"count":1,"href":"http:\/\/www.apucarana.pr.gov.br\/site\/wp-json\/wp\/v2\/posts\/2669\/revisions"}],"predecessor-version":[{"id":104210,"href":"http:\/\/www.apucarana.pr.gov.br\/site\/wp-json\/wp\/v2\/posts\/2669\/revisions\/104210"}],"wp:attachment":[{"href":"http:\/\/www.apucarana.pr.gov.br\/site\/wp-json\/wp\/v2\/media?parent=2669"}],"wp:term":[{"taxonomy":"category","embeddable":true,"href":"http:\/\/www.apucarana.pr.gov.br\/site\/wp-json\/wp\/v2\/categories?post=2669"},{"taxonomy":"post_tag","embeddable":true,"href":"http:\/\/www.apucarana.pr.gov.br\/site\/wp-json\/wp\/v2\/tags?post=2669"}],"curies":[{"name":"wp","href":"https:\/\/api.w.org\/{rel}","templated":true}]}}