{"id":2668,"date":"2015-03-19T12:31:00","date_gmt":"2015-03-19T12:31:00","guid":{"rendered":"http:\/\/172.16.0.7\/site-antigo\/?p=2668"},"modified":"2024-10-08T09:10:16","modified_gmt":"2024-10-08T12:10:16","slug":"festa-do-artesao-movimenta-praca-rui-barbosa","status":"publish","type":"post","link":"http:\/\/www.apucarana.pr.gov.br\/site\/festa-do-artesao-movimenta-praca-rui-barbosa\/","title":{"rendered":"Festa do artes\u00e3o movimenta Pra\u00e7a Rui Barbosa"},"content":{"rendered":"<\/p>\n<p>Para marcar o Dia Nacional do Artes\u00e3o, celebrado nesta quinta-feira (19\/03), foi aberta a 1\u00aa Festa do Artes\u00e3o de Apucarana, na Pra\u00e7a Rui Barbosa. O evento, que vai at\u00e9 s\u00e1bado, conta com o apoio da Prefeitura e da Associa\u00e7\u00e3o Comercial, Industrial e de Servi\u00e7os de Apucarana (Acia). &Eacute; uma oportunidade para a popula\u00e7\u00e3o conhecer e adquirir produtos confeccionados pelos 16 membros da Associa\u00e7\u00e3o dos Artes\u00e3os de Apucarana.<\/p>\n<p>De acordo com M\u00e1rcia Alexandra Pereira, vice-presidente da entidade, Apucarana \u00e9 uma das poucas cidades no Brasil a criar um evento espec\u00edfico para comemorar o Dia Nacional do Artes\u00e3o. &ldquo;Trata-se de um dia para ser prestigiado, pois o artesanato faz parte da cultura da cidade e do pa\u00eds. S\u00e3o trabalhos manuais, onde cada artes\u00e3o deposita o seu amor pela atividade&rdquo;, avalia.<\/p>\n<p>Conforme a vice-presidente da Associa\u00e7\u00e3o dos Artes\u00e3os de Apucarana, as barracas oferecem produtos como tapetes, almofadas, pinturas, porta retratos, enxovais para beb\u00eas, panos de prato, biscuit, croch\u00ea e cestaria, al\u00e9m de trabalhos em madeira e jornal. &ldquo;A Festa do Artes\u00e3o acontece em frente das escadarias da catedral e vai at\u00e9 s\u00e1bado, no per\u00edodo das 10 \u00e0s 22 horas. Esperamos visitantes de Apucarana e de toda a regi\u00e3o&rdquo;, salienta.<\/p>\n<p>A solenidade de abertura foi prestigiada pela secret\u00e1ria da Promo\u00e7\u00e3o Art\u00edstica, Cultural e Tur\u00edstica, professora Maria Agar Borba Ferreira, que no ato representou o prefeito Beto Preto (PT).<\/p><\/p>\n","protected":false},"excerpt":{"rendered":"<p>Evento vai at&eacute; s&aacute;bado e acontece no per&iacute;odo das 10 &agrave;s 22 horas<\/p>\n","protected":false},"author":4,"featured_media":0,"comment_status":"closed","ping_status":"closed","sticky":false,"template":"","format":"standard","meta":{"footnotes":""},"categories":[24],"tags":[],"class_list":["post-2668","post","type-post","status-publish","format-standard","hentry","category-noticias"],"acf":[],"_links":{"self":[{"href":"http:\/\/www.apucarana.pr.gov.br\/site\/wp-json\/wp\/v2\/posts\/2668","targetHints":{"allow":["GET"]}}],"collection":[{"href":"http:\/\/www.apucarana.pr.gov.br\/site\/wp-json\/wp\/v2\/posts"}],"about":[{"href":"http:\/\/www.apucarana.pr.gov.br\/site\/wp-json\/wp\/v2\/types\/post"}],"author":[{"embeddable":true,"href":"http:\/\/www.apucarana.pr.gov.br\/site\/wp-json\/wp\/v2\/users\/4"}],"replies":[{"embeddable":true,"href":"http:\/\/www.apucarana.pr.gov.br\/site\/wp-json\/wp\/v2\/comments?post=2668"}],"version-history":[{"count":1,"href":"http:\/\/www.apucarana.pr.gov.br\/site\/wp-json\/wp\/v2\/posts\/2668\/revisions"}],"predecessor-version":[{"id":104211,"href":"http:\/\/www.apucarana.pr.gov.br\/site\/wp-json\/wp\/v2\/posts\/2668\/revisions\/104211"}],"wp:attachment":[{"href":"http:\/\/www.apucarana.pr.gov.br\/site\/wp-json\/wp\/v2\/media?parent=2668"}],"wp:term":[{"taxonomy":"category","embeddable":true,"href":"http:\/\/www.apucarana.pr.gov.br\/site\/wp-json\/wp\/v2\/categories?post=2668"},{"taxonomy":"post_tag","embeddable":true,"href":"http:\/\/www.apucarana.pr.gov.br\/site\/wp-json\/wp\/v2\/tags?post=2668"}],"curies":[{"name":"wp","href":"https:\/\/api.w.org\/{rel}","templated":true}]}}