{"id":2667,"date":"2015-03-19T12:02:00","date_gmt":"2015-03-19T12:02:00","guid":{"rendered":"http:\/\/172.16.0.7\/site-antigo\/?p=2667"},"modified":"2024-10-08T09:10:16","modified_gmt":"2024-10-08T12:10:16","slug":"apucarana-inicia-discussoes-do-plano-municipal-da-mulher","status":"publish","type":"post","link":"http:\/\/www.apucarana.pr.gov.br\/site\/apucarana-inicia-discussoes-do-plano-municipal-da-mulher\/","title":{"rendered":"Apucarana inicia discuss\u00f5es do Plano Municipal da Mulher"},"content":{"rendered":"<\/p>\n<p>Com um evento de sensibiliza\u00e7\u00e3o que reuniu representantes das secretarias municipais, Apucarana iniciou nesta quinta-feira (19\/03) as discuss\u00f5es visando \u00e0 elabora\u00e7\u00e3o do Plano Municipal de Pol\u00edticas para as Mulheres. O encontro, realizado no sal\u00e3o nobre da Prefeitura de Apucarana, \u00e9 uma promo\u00e7\u00e3o da Secretaria Municipal da Mulher e Assuntos da Fam\u00edlia, fazendo parte das atividades alusivas ao m\u00eas da mulher. Na oportunidade, houve o relato da experi\u00eancia de Curitiba, que j\u00e1 elaborou o plano e dever\u00e1 lan\u00e7\u00e1-lo oficialmente at\u00e9 o final deste m\u00eas.<\/p>\n<p>O encontro, que estava previsto para acontecer ao longo do dia, foi aberto pela secret\u00e1ria municipal da Mulher e Assuntos da Fam\u00edlia, Denise Canesin Machado. &ldquo;Al\u00e9m da secretaria, Apucarana conta ainda com o Centro de Oficinas da Mulher, Espa\u00e7o da Mulher e Centro de Atendimento \u00e0 Mulher. Agora, dentro do princ\u00edpio da transversalidade, vamos fazer a mobiliza\u00e7\u00e3o de gestores nas diversas \u00e1reas setoriais visando \u00e0 constru\u00e7\u00e3o do Plano Municipal de Pol\u00edticas para as Mulheres&rdquo;, explica Denise.<\/p>\n<p>De acordo com ela, Apucarana desenvolve a\u00e7\u00f5es pautadas no plano nacional, que tem como uma das metas a formata\u00e7\u00e3o de planos nos munic\u00edpios. &ldquo;Por isso, convidamos todas as secretarias para participar do encontro, buscando fazer a sensibiliza\u00e7\u00e3o. O pr\u00f3ximo passo ser\u00e1 a forma\u00e7\u00e3o de um comit\u00ea intersetorial e o cronograma de encontros e debates que servir\u00e3o de subs\u00eddio para a elabora\u00e7\u00e3o do plano municipal&rdquo;, esclarece Denise.<\/p>\n<p>A experi\u00eancia de Curitiba foi apresentada por Marisa Mendes de Souza, assessora t\u00e9cnica da Secretaria da Mulher de Curitiba. &ldquo;O Comit\u00ea intersetorial foi criado por decreto municipal. As discuss\u00f5es, envolvendo representantes de todas as secretarias municipais, duraram um ano e meio com a realiza\u00e7\u00e3o de encontros mensais e, em determinadas situa\u00e7\u00f5es, semanalmente&rdquo;, relata.<\/p>\n<p>De acordo com Marisa, o plano de Curitiba foi elaborado prevendo a\u00e7\u00f5es at\u00e9 2016, estabelecendo os objetivos, metas, os respons\u00e1veis pelas atividades e indicadores para monitorar a execu\u00e7\u00e3o. Marisa afirma que as situa\u00e7\u00f5es de g\u00eanero n\u00e3o est\u00e3o restritas \u00e0 Secretaria da Mulher, mas permeadas em diversos setores, como educa\u00e7\u00e3o, sa\u00fade, habita\u00e7\u00e3o e transporte. &ldquo;&Eacute; preciso existir a compreens\u00e3o de que as pol\u00edticas p\u00fablicas n\u00e3o tratam somente do enfrentamento da viol\u00eancia contra a mulher, mas que deve haver uma atua\u00e7\u00e3o transversal, com o envolvimento de outras \u00e1reas, para que os direitos sejam garantidos&rdquo;, avalia.<\/p>\n<p>Defendendo um olhar diferenciado para a mulher, Marisa cita como exemplo o projeto Cereja (Centro Regional de Educa\u00e7\u00e3o de Jovens e Adultos), que j\u00e1 \u00e9 desenvolvido em Curitiba como uma a\u00e7\u00e3o do Plano Municipal de Pol\u00edticas para as Mulheres. &ldquo;Neste espa\u00e7o foi criada uma sala de acolhimento para as crian\u00e7as. Assim, enquanto as m\u00e3es assistem as aulas, os filhos s\u00e3o acolhidas por educadores&rdquo;, informa, acrescentando que um dos objetivos desta a\u00e7\u00e3o \u00e9 diminuir a evas\u00e3o escolar.<\/p>\n<p><\/p>\n","protected":false},"excerpt":{"rendered":"<p>Encontro reuniu representantes das secretarias municipais e faz parte das atividades alusivas ao m&ecirc;s da mulher<\/p>\n","protected":false},"author":4,"featured_media":0,"comment_status":"closed","ping_status":"closed","sticky":false,"template":"","format":"standard","meta":{"footnotes":""},"categories":[24],"tags":[],"class_list":["post-2667","post","type-post","status-publish","format-standard","hentry","category-noticias"],"acf":[],"_links":{"self":[{"href":"http:\/\/www.apucarana.pr.gov.br\/site\/wp-json\/wp\/v2\/posts\/2667","targetHints":{"allow":["GET"]}}],"collection":[{"href":"http:\/\/www.apucarana.pr.gov.br\/site\/wp-json\/wp\/v2\/posts"}],"about":[{"href":"http:\/\/www.apucarana.pr.gov.br\/site\/wp-json\/wp\/v2\/types\/post"}],"author":[{"embeddable":true,"href":"http:\/\/www.apucarana.pr.gov.br\/site\/wp-json\/wp\/v2\/users\/4"}],"replies":[{"embeddable":true,"href":"http:\/\/www.apucarana.pr.gov.br\/site\/wp-json\/wp\/v2\/comments?post=2667"}],"version-history":[{"count":1,"href":"http:\/\/www.apucarana.pr.gov.br\/site\/wp-json\/wp\/v2\/posts\/2667\/revisions"}],"predecessor-version":[{"id":104212,"href":"http:\/\/www.apucarana.pr.gov.br\/site\/wp-json\/wp\/v2\/posts\/2667\/revisions\/104212"}],"wp:attachment":[{"href":"http:\/\/www.apucarana.pr.gov.br\/site\/wp-json\/wp\/v2\/media?parent=2667"}],"wp:term":[{"taxonomy":"category","embeddable":true,"href":"http:\/\/www.apucarana.pr.gov.br\/site\/wp-json\/wp\/v2\/categories?post=2667"},{"taxonomy":"post_tag","embeddable":true,"href":"http:\/\/www.apucarana.pr.gov.br\/site\/wp-json\/wp\/v2\/tags?post=2667"}],"curies":[{"name":"wp","href":"https:\/\/api.w.org\/{rel}","templated":true}]}}