{"id":2666,"date":"2015-03-18T17:21:59","date_gmt":"2015-03-18T17:21:59","guid":{"rendered":"http:\/\/172.16.0.7\/site-antigo\/?p=2666"},"modified":"2024-10-08T09:10:16","modified_gmt":"2024-10-08T12:10:16","slug":"apucarana-libera-recursos-para-entidades-sociais","status":"publish","type":"post","link":"http:\/\/www.apucarana.pr.gov.br\/site\/apucarana-libera-recursos-para-entidades-sociais\/","title":{"rendered":"Apucarana libera recursos para entidades sociais"},"content":{"rendered":"<p><p><span style=\"letter-spacing: -0.02em; line-height: 1.45em; background-color: initial;\">O prefeito Beto Preto (PT) assinou nesta quarta-feira (18\/03), no gabinete municipal, termos de conv\u00eanio destinando recursos a diversas entidades sociais cadastradas junto ao Conselho Municipal da Assist\u00eancia Social.<br \/><\/span><span style=\"background-color: initial;\"><br \/><span style=\"letter-spacing: -0.02em; line-height: 1.45em;\">Segundo Beto, os recursos s\u00e3o oriundos da subven\u00e7\u00e3o social anual repassada pela prefeitura, via Fundo Municipal dos Direitos da Crian\u00e7a e do Adolescente, e &ldquo;ser\u00e3o utilizados pelas institui\u00e7\u00f5es para subsidiar os trabalhos realizados junto ao p\u00fablico alvo&rdquo;, relata o prefeito.<\/span><span style=\"line-height: 21.75px;\"><br \/><\/span><\/span><span style=\"background-color: initial;\"><span style=\"line-height: 21.75px;\"><br \/><\/span><font color=\"#454545\" face=\"Titillium999, Trebuchet MS, Arial, sans-serif\"><span style=\"font-size: 18px; letter-spacing: -0.02em; line-height: 40px;\">Ao todo foram assinados 10 termos de conv\u00eanio, beneficiando o Centro de Apoio Social ao Adolescente (C.A.S.A), o Centro de Integra\u00e7\u00e3o e Capacita\u00e7\u00e3o de Crian\u00e7as, Adolescentes e Adultos Allan Kardec (CICCAK), Associa\u00e7\u00e3o de Pais e Amigos dos Excepcionais, Escola de Desenvolvimento Humano Casa do Caminho (EDHUCCA), Centro para Resgate \u00e0 Vida Esperan\u00e7a (Cepes), Casa do Dod&ocirc;, Grupo Soma e ONG Comander (Comando Anderson de Defesa do Cidad\u00e3o). <\/p>\n<p>De acordo com a Secretaria da Assist\u00eancia Social, os termos de conv\u00eanio preveem o repasse de R$10 mil a cada entidade, que dever\u00e3o prestar contas regularmente da aplica\u00e7\u00e3o do dinheiro.<\/span><\/font><\/span><\/p>\n<p><\/p>\n","protected":false},"excerpt":{"rendered":"<p>Dinheiro ser&aacute; utilizado para subsidiar os trabalhos realizados junto ao p&uacute;blico alvo<\/p>\n","protected":false},"author":4,"featured_media":0,"comment_status":"closed","ping_status":"closed","sticky":false,"template":"","format":"standard","meta":{"footnotes":""},"categories":[24],"tags":[],"class_list":["post-2666","post","type-post","status-publish","format-standard","hentry","category-noticias"],"acf":[],"_links":{"self":[{"href":"http:\/\/www.apucarana.pr.gov.br\/site\/wp-json\/wp\/v2\/posts\/2666","targetHints":{"allow":["GET"]}}],"collection":[{"href":"http:\/\/www.apucarana.pr.gov.br\/site\/wp-json\/wp\/v2\/posts"}],"about":[{"href":"http:\/\/www.apucarana.pr.gov.br\/site\/wp-json\/wp\/v2\/types\/post"}],"author":[{"embeddable":true,"href":"http:\/\/www.apucarana.pr.gov.br\/site\/wp-json\/wp\/v2\/users\/4"}],"replies":[{"embeddable":true,"href":"http:\/\/www.apucarana.pr.gov.br\/site\/wp-json\/wp\/v2\/comments?post=2666"}],"version-history":[{"count":1,"href":"http:\/\/www.apucarana.pr.gov.br\/site\/wp-json\/wp\/v2\/posts\/2666\/revisions"}],"predecessor-version":[{"id":104213,"href":"http:\/\/www.apucarana.pr.gov.br\/site\/wp-json\/wp\/v2\/posts\/2666\/revisions\/104213"}],"wp:attachment":[{"href":"http:\/\/www.apucarana.pr.gov.br\/site\/wp-json\/wp\/v2\/media?parent=2666"}],"wp:term":[{"taxonomy":"category","embeddable":true,"href":"http:\/\/www.apucarana.pr.gov.br\/site\/wp-json\/wp\/v2\/categories?post=2666"},{"taxonomy":"post_tag","embeddable":true,"href":"http:\/\/www.apucarana.pr.gov.br\/site\/wp-json\/wp\/v2\/tags?post=2666"}],"curies":[{"name":"wp","href":"https:\/\/api.w.org\/{rel}","templated":true}]}}