{"id":2665,"date":"2015-03-18T15:11:00","date_gmt":"2015-03-18T15:11:00","guid":{"rendered":"http:\/\/172.16.0.7\/site-antigo\/?p=2665"},"modified":"2024-10-08T09:10:17","modified_gmt":"2024-10-08T12:10:17","slug":"prefeito-autoriza-reforma-interna-do-lagoao","status":"publish","type":"post","link":"http:\/\/www.apucarana.pr.gov.br\/site\/prefeito-autoriza-reforma-interna-do-lagoao\/","title":{"rendered":"Prefeito autoriza reforma interna do Lago\u00e3o"},"content":{"rendered":"<\/p>\n<p><span style=\"letter-spacing: -0.02em; line-height: 1.45em; background-color: initial;\">O prefeito Beto Preto (PT) concedeu nesta quarta-feira (18\/03) autoriza\u00e7\u00e3o para que o Departamento de Compras e Licita\u00e7\u00e3o d\u00ea in\u00edcio ao processo visando a contrata\u00e7\u00e3o de empresa de engenharia para servi\u00e7os de reforma da quadra poliesportiva e dos sanit\u00e1rios do Complexo Esportivo Jos\u00e9 Ant&ocirc;nio Basso (Lago\u00e3o). O investimento m\u00e1ximo previsto \u00e9 de R$440 mil, a serem financiados com recursos do cofre municipal.<\/span><\/p>\n<p><span style=\"letter-spacing: -0.02em; line-height: 1.45em; background-color: initial;\">  <\/p>\n<p><b><u>Click no link de \u00e1udio acima<\/u><\/b><\/p>\n<p>  <\/span><span style=\"letter-spacing: -0.02em; line-height: 1.45em; background-color: initial;\">No mesmo pacote tamb\u00e9m est\u00e3o previstas adequa\u00e7\u00f5es na \u00e1rea de seguran\u00e7a, como constru\u00e7\u00e3o de sa\u00eddas de emerg\u00eancia. &ldquo;Estamos concentrando todos os esfor\u00e7os para colocar o Lago\u00e3o, que \u00e9 o cora\u00e7\u00e3o esportivo da cidade, de novo em funcionamento&rdquo;, pontuou o prefeito.<br \/><\/span><span style=\"letter-spacing: -0.02em; line-height: 1.45em; background-color: initial;\"><br \/>Ele lembra que a pra\u00e7a tem 40 anos e a as interven\u00e7\u00f5es v\u00e3o garantir acessibilidade, seguran\u00e7a e uma nova vida \u00fatil ao espa\u00e7o. &ldquo;Nossa equipe j\u00e1 promoveu uma s\u00e9rie de obras, e agora esta reforma interna vai garantir que tudo seja conclu\u00eddo dentro do que exigem as normas de seguran\u00e7a, com acessibilidade. Assim esperamos que at\u00e9 o final deste ano possamos ter um gin\u00e1sio em condi\u00e7\u00f5es de ser novamente aberto a toda comunidade e utilizado por mais 40, 50 anos, Al\u00e9m disto, com uma quadra no formato oficial, Apucarana reunir\u00e1 condi\u00e7\u00f5es de receber jogos oficiais de diversas modalidades&rdquo;, frisa Beto.<br \/><\/span><span style=\"letter-spacing: -0.02em; line-height: 1.45em; background-color: initial;\"><br \/>Outra melhoria que a Prefeitura de Apucarana vai autorizar nos pr\u00f3ximos dias \u00e9 a licita\u00e7\u00e3o para revitaliza\u00e7\u00e3o da pista de atletismo. &ldquo;Vamos lan\u00e7ar este certame em breve. Devido a falta de condi\u00e7\u00f5es de uso daquele ambiente, hoje trabalhamos o miniatletismo nas escolas. Queremos a pista do Lago\u00e3o em conformidade para que voltemos a ser celeiro de novos talentos&rdquo;, destacou o prefeito. O investimento na obra, tamb\u00e9m com recursos pr\u00f3prios, dever\u00e1 ser na ordem de R$100 mil.<br \/><\/span><span style=\"letter-spacing: -0.02em; line-height: 1.45em; background-color: initial;\"><br \/><b>Cobertura<\/b><\/span><span style=\"letter-spacing: -0.02em; line-height: 1.45em; background-color: initial;\"> &#8211; Umas das principais causas que levaram \u00e0 interdi\u00e7\u00e3o preventiva do local, no in\u00edcio de 2013, as goteiras sobre a quadra e arquibancadas, al\u00e9m de infiltra\u00e7\u00f5es nas paredes do gin\u00e1sio poliesportivo do Lago\u00e3o est\u00e3o sendo resolvidos. H\u00e1 cerca de 20 dias tiveram in\u00edcio dos trabalhos de troca da antiga cobertura de telhas de a\u00e7o galvanizado. O investimento empregado na benfeitoria \u00e9 na ordem de R$ 493.542,04, oriundos de emenda parlamentar junto ao Minist\u00e9rio do Esporte.O servi\u00e7o \u00e9 executado pela vencedora da licita\u00e7\u00e3o, Consvale Construtora Vale do Iva\u00ed Ltda, de Ivaipor\u00e3.<\/span><\/p>\n<p><\/p>\n","protected":false},"excerpt":{"rendered":"<p>Outra melhoria que a Prefeitura de Apucarana vai autorizar nos pr&oacute;ximos dias &eacute; a licita&ccedil;&atilde;o para revitaliza&ccedil;&atilde;o da pista de atletismo<\/p>\n","protected":false},"author":4,"featured_media":0,"comment_status":"closed","ping_status":"closed","sticky":false,"template":"","format":"standard","meta":{"footnotes":""},"categories":[24],"tags":[],"class_list":["post-2665","post","type-post","status-publish","format-standard","hentry","category-noticias"],"acf":[],"_links":{"self":[{"href":"http:\/\/www.apucarana.pr.gov.br\/site\/wp-json\/wp\/v2\/posts\/2665","targetHints":{"allow":["GET"]}}],"collection":[{"href":"http:\/\/www.apucarana.pr.gov.br\/site\/wp-json\/wp\/v2\/posts"}],"about":[{"href":"http:\/\/www.apucarana.pr.gov.br\/site\/wp-json\/wp\/v2\/types\/post"}],"author":[{"embeddable":true,"href":"http:\/\/www.apucarana.pr.gov.br\/site\/wp-json\/wp\/v2\/users\/4"}],"replies":[{"embeddable":true,"href":"http:\/\/www.apucarana.pr.gov.br\/site\/wp-json\/wp\/v2\/comments?post=2665"}],"version-history":[{"count":1,"href":"http:\/\/www.apucarana.pr.gov.br\/site\/wp-json\/wp\/v2\/posts\/2665\/revisions"}],"predecessor-version":[{"id":104214,"href":"http:\/\/www.apucarana.pr.gov.br\/site\/wp-json\/wp\/v2\/posts\/2665\/revisions\/104214"}],"wp:attachment":[{"href":"http:\/\/www.apucarana.pr.gov.br\/site\/wp-json\/wp\/v2\/media?parent=2665"}],"wp:term":[{"taxonomy":"category","embeddable":true,"href":"http:\/\/www.apucarana.pr.gov.br\/site\/wp-json\/wp\/v2\/categories?post=2665"},{"taxonomy":"post_tag","embeddable":true,"href":"http:\/\/www.apucarana.pr.gov.br\/site\/wp-json\/wp\/v2\/tags?post=2665"}],"curies":[{"name":"wp","href":"https:\/\/api.w.org\/{rel}","templated":true}]}}