{"id":2664,"date":"2015-03-18T11:48:59","date_gmt":"2015-03-18T11:48:59","guid":{"rendered":"http:\/\/172.16.0.7\/site-antigo\/?p=2664"},"modified":"2024-10-08T09:10:17","modified_gmt":"2024-10-08T12:10:17","slug":"prefeito-autoriza-construcao-de-centro-cirurgico-e-reforma-no-canil-municipal","status":"publish","type":"post","link":"http:\/\/www.apucarana.pr.gov.br\/site\/prefeito-autoriza-construcao-de-centro-cirurgico-e-reforma-no-canil-municipal\/","title":{"rendered":"Prefeito autoriza constru\u00e7\u00e3o de centro cir\u00fargico e reforma no canil municipal"},"content":{"rendered":"<\/p>\n<p>Ap\u00f3s descumprimento do Termo de Ajuste de Conduta (TAC) pela gest\u00e3o anterior, o atual prefeito de Apucarana, Beto Preto, assumiu o compromisso de construir um centro cir\u00fargico e reformar a sede do Recanto dos Animais e da Natureza S\u00e3o Francisco de Assis (canil municipal). A medida foi concretizada nesta quarta-feira (18\/03) com a assinatura da ordem de servi\u00e7o para a realiza\u00e7\u00e3o da obra, no valor de R$ 84.872,31. O ato ocorreu no pr\u00e9dio da Autarquia Municipal de Sa\u00fade, \u00f3rg\u00e3o respons\u00e1vel pela licita\u00e7\u00e3o, vencida pela empresa Proativa Constru\u00e7\u00f5es Ltda, de Campo Mour\u00e3o.<\/p>\n<p><p><b><u>Click nos links de \u00e1udio acima<\/u><\/b><\/p>\n<\/p>\n<p>Estiveram presentes no ato representantes de entidades que lutaram pela conquista, entre as quais a Sociedade Protetora dos Animais de Apucarana (Soprap), que mant\u00e9m o canil em parceria com o Munic\u00edpio. Tamb\u00e9m estiveram na solenidade o vereador Luiz Cordeiro Magalh\u00e3es, autor de requerimento que solicitou provid\u00eancias quanto \u00e0 esteriliza\u00e7\u00e3o de c\u00e3es, e Aurita Bertoli, que intermediou junto ao Executivo a libera\u00e7\u00e3o dos recursos, al\u00e9m de Vagner Mendon\u00e7a, propriet\u00e1rio da empresa que vai executar a obra.<\/p>\n<p>Conforme Beto Preto, os recursos que viabilizam a obra, que tem prazo de 100 dias para ser conclu\u00edda, foram repassados do caixa livre da Prefeitura para a Autarquia Municipal de Sa\u00fade. &ldquo;&Eacute; momento de enaltecer o trabalho dos volunt\u00e1rios, que muitas vezes tiram dinheiro do pr\u00f3prio bolso para desenvolver as atividades, seja durante a semana, aos s\u00e1bados e domingos. &Eacute; tamb\u00e9m a oportunidade de cumprir um compromisso que eu assumi e que, infelizmente, n\u00e3o foi honrado no mandato anterior&rdquo;, frisa Beto Preto.<\/p>\n<p>A atual tesoureira da Soprap, Isamelia Balan, lembra que o TAC foi assinado por interm\u00e9dio do Minist\u00e9rio P\u00fablico e deveria ter sido cumprido at\u00e9 dezembro de 2011. &ldquo;O TAC n\u00e3o era nessas condi\u00e7\u00f5es, mas com investimentos divididos entre a Prefeitura, que entraria com a m\u00e3o de obra e a Soprap, respons\u00e1vel pelo material. Agora, o prefeito Beto Preto assumiu toda a obra, proporcionando a t\u00e3o esperada adequa\u00e7\u00e3o&rdquo;, destaca Isamelia, informando que os equipamentos para o centro cir\u00fargico ser\u00e3o adquiridos pela Soprap.<\/p>\n<p>A obra compreende somente a reforma da sede, em \u00e1rea de 150 metros quadrados, e a constru\u00e7\u00e3o de um centro cir\u00fargico, com \u00e1rea de 23,28 metros quadrados. &ldquo;O canil tem ainda 29 baias, abrigando 160 c\u00e3es e 70 gatos. Atualmente, a esteriliza\u00e7\u00e3o \u00e9 feita em cl\u00ednicas particulares, servi\u00e7o pago com recursos da Soprap&rdquo;, observa Luan Rafael da Silva Santos, coordenador do canil municipal. <\/p>\n<p>Com o centro cir\u00fargico, a expectativa \u00e9 aumentar o n\u00famero de procedimentos de esteriliza\u00e7\u00e3o, prioritariamente de f\u00eameas, tanto de c\u00e3es quanto de gatos. &ldquo;Temos um fluxo mensal de entrada e sa\u00edda de cerca de 90 animais no canil e o objetivo principal \u00e9 diminuir o n\u00famero de animais errantes, fazendo o controle populacional&rdquo;, explica Luan.<\/p>\n<p>O canil de Apucarana funciona na Rua Cristiano Kusmaull (Estrada para o Rio Bom), sendo administrado pelo Munic\u00edpio atrav\u00e9s de um comodato com a Soprap. Al\u00e9m da atua\u00e7\u00e3o de volunt\u00e1rios, a entidade fornece todos os medicamentos necess\u00e1rios. O Munic\u00edpio, por sua vez, fornece a ra\u00e7\u00e3o e mant\u00e9m uma equipe de cinco funcion\u00e1rios (um m\u00e9dico veterin\u00e1rio, um bi\u00f3logo e tr\u00eas tratadores e higienizadores).<\/p>\n<p><\/p>\n","protected":false},"excerpt":{"rendered":"<p>Recursos s&atilde;o do pr&oacute;prio munic&iacute;pio, no valor de R$ 84 mil, e obra atende antiga reivindica&ccedil;&atilde;o da Soprap<\/p>\n","protected":false},"author":4,"featured_media":0,"comment_status":"closed","ping_status":"closed","sticky":false,"template":"","format":"standard","meta":{"footnotes":""},"categories":[24],"tags":[],"class_list":["post-2664","post","type-post","status-publish","format-standard","hentry","category-noticias"],"acf":[],"_links":{"self":[{"href":"http:\/\/www.apucarana.pr.gov.br\/site\/wp-json\/wp\/v2\/posts\/2664","targetHints":{"allow":["GET"]}}],"collection":[{"href":"http:\/\/www.apucarana.pr.gov.br\/site\/wp-json\/wp\/v2\/posts"}],"about":[{"href":"http:\/\/www.apucarana.pr.gov.br\/site\/wp-json\/wp\/v2\/types\/post"}],"author":[{"embeddable":true,"href":"http:\/\/www.apucarana.pr.gov.br\/site\/wp-json\/wp\/v2\/users\/4"}],"replies":[{"embeddable":true,"href":"http:\/\/www.apucarana.pr.gov.br\/site\/wp-json\/wp\/v2\/comments?post=2664"}],"version-history":[{"count":1,"href":"http:\/\/www.apucarana.pr.gov.br\/site\/wp-json\/wp\/v2\/posts\/2664\/revisions"}],"predecessor-version":[{"id":104215,"href":"http:\/\/www.apucarana.pr.gov.br\/site\/wp-json\/wp\/v2\/posts\/2664\/revisions\/104215"}],"wp:attachment":[{"href":"http:\/\/www.apucarana.pr.gov.br\/site\/wp-json\/wp\/v2\/media?parent=2664"}],"wp:term":[{"taxonomy":"category","embeddable":true,"href":"http:\/\/www.apucarana.pr.gov.br\/site\/wp-json\/wp\/v2\/categories?post=2664"},{"taxonomy":"post_tag","embeddable":true,"href":"http:\/\/www.apucarana.pr.gov.br\/site\/wp-json\/wp\/v2\/tags?post=2664"}],"curies":[{"name":"wp","href":"https:\/\/api.w.org\/{rel}","templated":true}]}}