{"id":26639,"date":"2019-09-23T16:33:29","date_gmt":"2019-09-23T19:33:29","guid":{"rendered":"http:\/\/172.16.0.7\/site-antigo\/?p=26639"},"modified":"2024-10-08T09:19:54","modified_gmt":"2024-10-08T12:19:54","slug":"apucarana-investe-r-11-milhao-na-construcao-de-quadras-esportivas-e-muros-para-escolas","status":"publish","type":"post","link":"http:\/\/www.apucarana.pr.gov.br\/site\/apucarana-investe-r-11-milhao-na-construcao-de-quadras-esportivas-e-muros-para-escolas\/","title":{"rendered":"Apucarana investe R$ 1,1 milh\u00e3o na constru\u00e7\u00e3o de quadras esportivas e muros para escolas"},"content":{"rendered":"<p>A Prefeitura de Apucarana vai investir R$ 1,1 milh\u00e3o na execu\u00e7\u00e3o de obras em tr\u00eas unidades de ensino. Os contemplados neste pacote s\u00e3o o Centro Municipal de Educa\u00e7\u00e3o Infantil (CMEI) Cosap, na Vila Oper\u00e1ria, a Escola Municipal Augusto Weyand, no Jardim Tibagi, e a Escola Municipal Juiz Luiz Fernando de Ara\u00fajo Pereira, no N\u00facleo Djalma Mendes.<br \/>\nNo final da tarde de sexta-feira (20), o prefeito Junior da Femac assinou ordem de servi\u00e7o para a demoli\u00e7\u00e3o dos alambrados e a constru\u00e7\u00e3o de muros de alvenaria no entorno do CMEI Cosap. Cal\u00e7adas tamb\u00e9m ser\u00e3o edificadas ligando a Rua dos Trabalhadores \u00e0 Rua 1\u00ba de Maio. A vencedora do processo licitat\u00f3rio foi a Construtora Belas Artes, que receber\u00e1 R$ 44.423,76 para a execu\u00e7\u00e3o dos servi\u00e7os.<br \/>\n\u201cO pr\u00e9dio do Cosap passou recentemente por uma ampla reforma, com direito a troca do telhado, do forro e dos pisos, drenagem do terreno, novas instala\u00e7\u00f5es el\u00e9tricas e hidr\u00e1ulicas, constru\u00e7\u00e3o de sol\u00e1rios e melhorias na cozinha e nos sanit\u00e1rios. A constru\u00e7\u00e3o dos muros e cal\u00e7adas vem para complementar a primeira obra,\u201d afirma a superintendente de engenharia da Autarquia Municipal de Educa\u00e7\u00e3o, Miriam Elena Favaretto Corbacho.<br \/>\nCom 565 alunos matriculados no momento, a Escola Juiz Luiz Fernando de Ara\u00fajo Pereira est\u00e1 sendo beneficiada com a amplia\u00e7\u00e3o do seu terreno. O munic\u00edpio fez um investimento de R$ 1,1 milh\u00e3o na compra de dez lotes localizados aos fundos da unidade de ensino, onde devem ser constru\u00eddos um novo refeit\u00f3rio e uma quadra poliesportiva.<br \/>\nO prefeito Junior da Femac deu ordem de servi\u00e7o, tamb\u00e9m na sexta-feira, para a demoli\u00e7\u00e3o das edifica\u00e7\u00f5es existentes nos lotes, a nivela\u00e7\u00e3o dos terrenos e a constru\u00e7\u00e3o de muros e cal\u00e7adas. Os servi\u00e7os ser\u00e3o feitos pela ASS F\u00eanix Construtora Eireli, ao custo de R$ 91.199,98.<br \/>\n\u201cA gest\u00e3o Beto Preto e Junior da Femac busca garantir que as escolas e creches tenham estrutura e espa\u00e7o compat\u00edveis com o atendimento dos alunos em per\u00edodo integral. Por isso, desde 2013, foram autorizadas obras em 56 dos 60 pr\u00e9dios da rede municipal. Os projetos contemplam principalmente a amplia\u00e7\u00e3o e a adequa\u00e7\u00e3o dos im\u00f3veis \u00e0s normas atuais do Minist\u00e9rio da Educa\u00e7\u00e3o, Corpo de Bombeiros e Vigil\u00e2ncia Sanit\u00e1ria,\u201d explica a secret\u00e1ria municipal de educa\u00e7\u00e3o, Marli Fernandes.<br \/>\nJ\u00e1 na manh\u00e3 desta segunda-feira (23), o gestor autorizou a abertura de dois processos licitat\u00f3rios. O primeiro visa \u00e0 constru\u00e7\u00e3o de quadra esportiva, arquibancada e vesti\u00e1rios na Escola Juiz Luiz Fernando de Ara\u00fajo Pereira. O segundo tem por finalidade a reforma da quadra, a instala\u00e7\u00e3o de coberturas em policarbonato e a execu\u00e7\u00e3o de estacionamento na Escola Augusto Weyand. O investimento previsto \u00e9 da ordem de R$ 947.065,61.<br \/>\n\u201cConsiderando que a licita\u00e7\u00e3o tem prazo de 60 dias para ficar pronta, n\u00f3s acreditamos que as duas obras ser\u00e3o finalizadas antes do in\u00edcio do pr\u00f3ximo ano letivo. Se quisermos construir um futuro promissor para a cidade, n\u00f3s temos que investir na educa\u00e7\u00e3o das crian\u00e7as. \u00c9 esse o nosso maior objetivo,\u201d concluiu o prefeito Junior da Femac.<\/p>\n","protected":false},"excerpt":{"rendered":"<p>Os contemplados neste pacote s\u00e3o o CMEI Cosap, a Escola Augusto Weyand e a Escola Juiz Luiz Fernando de Ara\u00fajo Pereira<\/p>\n","protected":false},"author":4,"featured_media":26641,"comment_status":"closed","ping_status":"open","sticky":false,"template":"","format":"standard","meta":{"footnotes":""},"categories":[24],"tags":[53,44,79,58,39],"class_list":["post-26639","post","type-post","status-publish","format-standard","has-post-thumbnail","hentry","category-noticias","tag-educacao","tag-ensino-publico","tag-investimento","tag-obras","tag-prefeitura-de-apucarana"],"acf":[],"_links":{"self":[{"href":"http:\/\/www.apucarana.pr.gov.br\/site\/wp-json\/wp\/v2\/posts\/26639","targetHints":{"allow":["GET"]}}],"collection":[{"href":"http:\/\/www.apucarana.pr.gov.br\/site\/wp-json\/wp\/v2\/posts"}],"about":[{"href":"http:\/\/www.apucarana.pr.gov.br\/site\/wp-json\/wp\/v2\/types\/post"}],"author":[{"embeddable":true,"href":"http:\/\/www.apucarana.pr.gov.br\/site\/wp-json\/wp\/v2\/users\/4"}],"replies":[{"embeddable":true,"href":"http:\/\/www.apucarana.pr.gov.br\/site\/wp-json\/wp\/v2\/comments?post=26639"}],"version-history":[{"count":1,"href":"http:\/\/www.apucarana.pr.gov.br\/site\/wp-json\/wp\/v2\/posts\/26639\/revisions"}],"predecessor-version":[{"id":100140,"href":"http:\/\/www.apucarana.pr.gov.br\/site\/wp-json\/wp\/v2\/posts\/26639\/revisions\/100140"}],"wp:featuredmedia":[{"embeddable":true,"href":"http:\/\/www.apucarana.pr.gov.br\/site\/wp-json\/"}],"wp:attachment":[{"href":"http:\/\/www.apucarana.pr.gov.br\/site\/wp-json\/wp\/v2\/media?parent=26639"}],"wp:term":[{"taxonomy":"category","embeddable":true,"href":"http:\/\/www.apucarana.pr.gov.br\/site\/wp-json\/wp\/v2\/categories?post=26639"},{"taxonomy":"post_tag","embeddable":true,"href":"http:\/\/www.apucarana.pr.gov.br\/site\/wp-json\/wp\/v2\/tags?post=26639"}],"curies":[{"name":"wp","href":"https:\/\/api.w.org\/{rel}","templated":true}]}}