{"id":26626,"date":"2019-09-21T12:52:23","date_gmt":"2019-09-21T15:52:23","guid":{"rendered":"http:\/\/172.16.0.7\/site-antigo\/?p=26626"},"modified":"2024-10-08T09:19:54","modified_gmt":"2024-10-08T12:19:54","slug":"alunos-sao-premiados-em-concurso-de-redacao-sobre-o-transito","status":"publish","type":"post","link":"http:\/\/www.apucarana.pr.gov.br\/site\/alunos-sao-premiados-em-concurso-de-redacao-sobre-o-transito\/","title":{"rendered":"Alunos s\u00e3o premiados em concurso de reda\u00e7\u00e3o sobre o tr\u00e2nsito"},"content":{"rendered":"<p>A Semana Nacional do Tr\u00e2nsito, prevista pelo C\u00f3digo de Tr\u00e2nsito Brasileiro, \u00e9 comemorada anualmente de 18 e 25 de setembro. Para promover a conscientiza\u00e7\u00e3o sobre o tema, a Autarquia Municipal de Educa\u00e7\u00e3o, a Guarda Municipal de Apucarana e a Superintend\u00eancia de Tr\u00e2nsito do Instituto de Desenvolvimento, Pesquisa e Planejamento de Apucarana (Idepplan) promoveram no m\u00eas de agosto um concurso de reda\u00e7\u00e3o entre os alunos matriculados no 4\u00ba ano em 36 escolas. Os vencedores foram conhecidos na manh\u00e3 de hoje (21), em cerim\u00f4nia realizada na Pra\u00e7a Rui Barbosa.<br \/>\nCerca de 1.330 crian\u00e7as produziram textos a partir do tema \u201cNa constru\u00e7\u00e3o de um mundo melhor, o que aprendi com o tr\u00e2nsito?\u201d A melhor reda\u00e7\u00e3o de cada escola foi premiada com medalha e caixa de som bluetooth port\u00e1til. J\u00e1 as cinco produ\u00e7\u00f5es eleitas como destaques da rede municipal de ensino ganharam bicicletas e capacetes. Os presentes foram patrocinados pelo Banco do Brasil, a Construtora Hirose e o com\u00e9rcio da cidade.<br \/>\nSegundo a secret\u00e1ria de educa\u00e7\u00e3o Marli Fernandes, o aprendizado de seguran\u00e7a no tr\u00e2nsito faz parte dos conte\u00fados previstos no curr\u00edculo escolar da rede municipal. \u201cPor isso, n\u00f3s mantemos uma parceria h\u00e1 tr\u00eas anos com a Guarda Municipal de Apucarana, por meio da qual os estudantes assistem a palestras peri\u00f3dicas sobre as regras de circula\u00e7\u00e3o vi\u00e1ria. A equipe do Idepplan veio somar em 2019. O resultado foi a realiza\u00e7\u00e3o deste bel\u00edssimo concurso de reda\u00e7\u00e3o,\u201d disse.<br \/>\n\u201cOs principais temas que os nossos guardas trabalham nas palestras s\u00e3o a import\u00e2ncia do respeito \u00e0 sinaliza\u00e7\u00e3o, da travessia na faixa de pedestres e do uso de equipamentos de seguran\u00e7a como cinto e capacete,\u201d acrescentou o comandante da Guarda Municipal de Apucarana, Alessandro Carletti.<br \/>\nOs alunos tamb\u00e9m se prepararam para o concurso por meio de um jornal sobre seguran\u00e7a no tr\u00e2nsito, oferecido pelo Instituto de Desenvolvimento, Pesquisa e Planejamento de Apucarana. \u201cAs pessoas s\u00f3 mudam seus h\u00e1bitos a partir da conscientiza\u00e7\u00e3o e da educa\u00e7\u00e3o. O prop\u00f3sito do concurso foi justamente incentivar os alunos a desenvolver o pensamento cr\u00edtico,\u201d destacou o superintendente do Idepplan, Carlos Mendes.<br \/>\n\u201cAs crian\u00e7as assimilam os conte\u00fados com muito mais facilidade que os adultos, pois estes geralmente t\u00eam comportamentos arraigados e s\u00e3o mais teimosos. Por isso, eu considero fundamental a inclus\u00e3o da educa\u00e7\u00e3o para o tr\u00e2nsito j\u00e1 nas s\u00e9ries iniciais. \u00c9 importante lembrar tamb\u00e9m que, quando falamos em tr\u00e1fego, n\u00e3o estamos nos referindo apenas aos motoristas. Ciclistas e pedestres precisam cumprir as regras de circula\u00e7\u00e3o para evitar acidentes,\u201d disse o chefe da 15\u00aa Ciretran, Fernando Garcia.<br \/>\nO prefeito Junior da Femac parabenizou a todos os envolvidos na realiza\u00e7\u00e3o do projeto. \u201cEm 2019, o n\u00famero de acidentes com motos aumentou 40% na nossa cidade. Somente a preven\u00e7\u00e3o \u00e9 capaz de reverter essa estat\u00edstica,\u201d afirmou.<br \/>\nA reda\u00e7\u00e3o da aluna Ana Julia Gon\u00e7alves dos Santos, da Escola Municipal Augusto Weyand, \u00a0foi uma das escolhidas pela comiss\u00e3o julgadora. \u201cN\u00e3o esperava ficar entre os primeiros lugares, gostei da cor minha bicicleta. Eu aprendi muita coisa. Por exemplo, que n\u00f3s devemos sempre usar capacete e dirigir com bastante cuidado,\u201d alegrou-se.<br \/>\nConfira abaixo o resultado do concurso de reda\u00e7\u00e3o sobre seguran\u00e7a no tr\u00e2nsito:<br \/>\n&nbsp;<br \/>\n<strong>Destaques da rede municipal de ensino<\/strong><br \/>\nESCOLA MUNICIPAL PROFESSOR IDALICE MOREIRA PRATES &#8211; \u00a0\u00a0\u00a0\u00a0\u00a0\u00a0\u00a0 Ana Caroline de Sousa Paulino;<br \/>\nESCOLA MUNICIPAL PL\u00c1CIDO DE CASTRO\u00a0\u00a0\u00a0\u00a0\u00a0\u00a0\u00a0\u00a0\u00a0\u00a0\u00a0 &#8211; Isabely Celin;<br \/>\nESCOLA MUNICIPAL MATEUS LEME &#8211; Camilly Vitoria Alexandrino Dias;<br \/>\nESCOLA MUNICIPAL FERNANDO JOS\u00c9 ACOSTA &#8211; Mycaella Ribas Ferreira da Silva;<br \/>\nESCOLA MUNICIPAL AUGUSTO WEYAND &#8211; Ana Julia Gon\u00e7alves dos Santos;<br \/>\n&nbsp;<br \/>\n<strong>Melhor reda\u00e7\u00e3o por escola<\/strong><br \/>\nESCOLA MUNICIPAL DOUTOR OSVALDO DOS SANTOS LIMA &#8211; Kiara dos Santos Botter;<br \/>\nESCOLA MUNICIPAL DR. EDSON GIACOMINI &#8211; Carlos Eduardo de Souza de Oliveira;<br \/>\nESCOLA MUNICIPAL PROFESSORA MARTA PEREIRA DA SILVA\u00a0\u00a0\u00a0\u00a0\u00a0\u00a0\u00a0 &#8211; Augusto Francisco Cassiano Taca;<br \/>\nESCOLA MUNICIPAL JOS\u00c9 ID\u00c9SIO BRIANEZI &#8211; Julia de Souza da Silva;<br \/>\nESCOLA MUNICIPAL DO CAMPO PADRE ANTONIO VIEIRA- Nicoly Alves da Silva;<br \/>\nESCOLA MUNICIPAL JO\u00c3O BATISTA- Nina Moreira Mendes;<br \/>\nESCOLA MUNICIPAL PROFESSOR DURVAL PINTO &#8211; Thayla Yuhari Maruiti;<br \/>\nESCOLA MUNICIPAL JOS\u00c9 BRASIL CAMARGO &#8211; Any Emanuelly Ranchel dos Santos;<br \/>\nESCOLA MUNICIPAL PAPA JO\u00c3O XXIII &#8211; Flavia de Souza Santana;<br \/>\nESCOLA MUNICIPAL VEREADOR JOS\u00c9 RAMOS DE OLIVEIRA &#8211; Leonardo Felipe de Souza dos Santos;<br \/>\nESCOLA MUNICPAL DOUTOR JOAQUIM VICENTE DE CASTRO &#8211; Rafaela Heinz de Almeida;<br \/>\nESCOLA MUNICIPAL SENADOR MARCOS DE BARROS FREIRE &#8211; Ana Beatriz de Oliveira Leal;<br \/>\nESCOLA MUNICIPAL HUMBERTO DE ALENCAR CASTELO BRANCO &#8211; Camilla Braz Dourador;<br \/>\nESCOLA MUNICIPAL JOS\u00c9 DE ALENCAR &#8211; Anielly Vitoria Gon\u00e7alves;<br \/>\nESCOLA MUNICIPAL JO\u00c3O ANTONIO BRAGA C\u00d4RTES &#8211; Eduarda Victoria dos Santos Gon\u00e7alves;<br \/>\nESCOLA MUNICIPAL DINARTE PEREIRA DE ARA\u00daJO &#8211; Eduarda Moreira Monteiro;<br \/>\nESCOLA MUNICIPAL JUIZ LUIZ FERNANDO ARA\u00daJO PEREIRA &#8211; Jennifer Janine Olguin da Silva;<br \/>\nESCOLA MUNICIPAL BENTO FERNANDES DIAS &#8211; Rian Lino Fernandes de Oliveira;<br \/>\nESCOLA MUNICIPAL KAREL KOBER &#8211; Nicholas da Cruz Machado;<br \/>\nESCOLA MUNICIPAL PROFESSOR ALCIDES RAMOS &#8211; Evelyn B. de A. da Silva;<br \/>\nESCOLA MUNICIPAL PROFESSORA MARILDA DUARTE NOLI &#8211; Jos\u00e9 Carlos Moreira Bisouto;<br \/>\nESCOLA MUNICIPAL F\u00c1BIO HENRIQUE DA SILVA &#8211; Nicolas Felipe do N. Ferreira;<br \/>\nESCOLA MUNICIPAL VIDA NOVA &#8211; Evelyn Bispo;<br \/>\nESCOLA MUNICIPAL DO CAMPO PROFESSOR WILSON DE AZEVEDO &#8211; Alexandre Ramos Ribeiro;<br \/>\nESCOLA MUNICIPAL ANTONIETA DA SILVA LAUTENSHLAGER &#8211; \u00a0\u00a0\u00a0\u00a0 Camilly Madiana Alves dos Santos;<br \/>\nESCOLA MUNICIPAL PRESIDENTE M\u00c9DICI &#8211; Stella Reichel Moura;<br \/>\nESCOLA LUIZ CARLOS PRESTES &#8211; Mariana Gabriele dos Santos Ara\u00fajo;<br \/>\nESCOLA MUNICIPAL MONSENHOR ARNALDO BELTRAMI &#8211; Lohana Stefhane de Oliveira;<br \/>\nESCOLA MUNICIPAL ALBINO BIACCHI &#8211; Anna Luiza Pereira Faria;<br \/>\nESCOLA MUNICIPAL GABRIEL DE LARA &#8211; Jos\u00e9 Henrique de Almeida;<br \/>\nESCOLA MUNICIPAL PROFESSORA MARIA MADALENA C\u00d4CO &#8211; Camilly Kmiazveski de Paula.<\/p>\n","protected":false},"excerpt":{"rendered":"<p>Realizado em parceria pelo Idepplan, Autarquia de Educa\u00e7\u00e3o  e Guarda Municipal de Apucarana, o projeto envolveu 1.330 alunos de 36 escolas<\/p>\n","protected":false},"author":4,"featured_media":26636,"comment_status":"closed","ping_status":"open","sticky":false,"template":"","format":"standard","meta":{"footnotes":""},"categories":[24],"tags":[],"class_list":["post-26626","post","type-post","status-publish","format-standard","has-post-thumbnail","hentry","category-noticias"],"acf":[],"_links":{"self":[{"href":"http:\/\/www.apucarana.pr.gov.br\/site\/wp-json\/wp\/v2\/posts\/26626","targetHints":{"allow":["GET"]}}],"collection":[{"href":"http:\/\/www.apucarana.pr.gov.br\/site\/wp-json\/wp\/v2\/posts"}],"about":[{"href":"http:\/\/www.apucarana.pr.gov.br\/site\/wp-json\/wp\/v2\/types\/post"}],"author":[{"embeddable":true,"href":"http:\/\/www.apucarana.pr.gov.br\/site\/wp-json\/wp\/v2\/users\/4"}],"replies":[{"embeddable":true,"href":"http:\/\/www.apucarana.pr.gov.br\/site\/wp-json\/wp\/v2\/comments?post=26626"}],"version-history":[{"count":1,"href":"http:\/\/www.apucarana.pr.gov.br\/site\/wp-json\/wp\/v2\/posts\/26626\/revisions"}],"predecessor-version":[{"id":100141,"href":"http:\/\/www.apucarana.pr.gov.br\/site\/wp-json\/wp\/v2\/posts\/26626\/revisions\/100141"}],"wp:featuredmedia":[{"embeddable":true,"href":"http:\/\/www.apucarana.pr.gov.br\/site\/wp-json\/"}],"wp:attachment":[{"href":"http:\/\/www.apucarana.pr.gov.br\/site\/wp-json\/wp\/v2\/media?parent=26626"}],"wp:term":[{"taxonomy":"category","embeddable":true,"href":"http:\/\/www.apucarana.pr.gov.br\/site\/wp-json\/wp\/v2\/categories?post=26626"},{"taxonomy":"post_tag","embeddable":true,"href":"http:\/\/www.apucarana.pr.gov.br\/site\/wp-json\/wp\/v2\/tags?post=26626"}],"curies":[{"name":"wp","href":"https:\/\/api.w.org\/{rel}","templated":true}]}}