{"id":26609,"date":"2019-09-19T18:40:49","date_gmt":"2019-09-19T21:40:49","guid":{"rendered":"http:\/\/172.16.0.7\/site-antigo\/?p=26609"},"modified":"2024-10-08T09:19:54","modified_gmt":"2024-10-08T12:19:54","slug":"seguem-obras-de-revitalizacao-da-nascente-do-rio-pirapo","status":"publish","type":"post","link":"http:\/\/www.apucarana.pr.gov.br\/site\/seguem-obras-de-revitalizacao-da-nascente-do-rio-pirapo\/","title":{"rendered":"Seguem obras de revitaliza\u00e7\u00e3o da nascente do Rio Pirap\u00f3"},"content":{"rendered":"<p>A Prefeitura de Apucarana est\u00e1 finalizando a terraplanagem do terreno de 3 mil m\u00b2, defronte \u00e0 Unidade de Pronto Atendimento (UPA). O trabalho, de responsabilidade do munic\u00edpio est\u00e1 previsto dentro de conv\u00eanio assinado com o Servi\u00e7o Nacional de Aprendizagem Comercial (Senac), que \u00e9 propriet\u00e1rio do terreno, e abre caminho para que a Guetter Construtora Ltda, d\u00ea in\u00edcio \u00e0s obras de revitaliza\u00e7\u00e3o da \u00e1rea com implanta\u00e7\u00e3o de uma pra\u00e7a ambiental. A empreiteira curitibana foi a vencedora da licita\u00e7\u00e3o feita pela institui\u00e7\u00e3o de educa\u00e7\u00e3o profissional.<br \/>\nEm vistoria ao local nesta quinta-feira (19\/09), o prefeito J\u00fanior da Femac tratou dos \u00faltimos detalhes dos servi\u00e7os de preparo do terreno com o secret\u00e1rio Municipal de Servi\u00e7os P\u00fablicos, Jaime Gon\u00e7alves, representantes do Senac e da construtora. \u201cO canteiro de obras da empresa j\u00e1 est\u00e1 sendo instalado e, o mais tardar segunda-feira a prefeitura conclui sua parte no conv\u00eanio, deixando o terreno em ordem para a continuidade dos trabalhos que v\u00e3o resultar em uma pra\u00e7a bel\u00edssima, ecol\u00f3gica e sustent\u00e1vel para ser utilizada por toda popula\u00e7\u00e3o\u201d, disse o prefeito.<br \/>\n\u201cA gest\u00e3o Beto Preto agradece ao Sistema Fecom\u00e9rcio por este projeto, que \u00e9 um presente para Apucarana. Iniciativa que desde o in\u00edcio conta com grande apoio do presidente Darci Piana, do diretor de Infraestrutura do Senac Paran\u00e1, Sidney Lopes de Oliveira, do empres\u00e1rio apucaranense Luiz Fernando Mamede Mendes, que \u00e9 presidente da comiss\u00e3o de acompanhamento das obras, e toda a equipe Senac Apucarana\u201d, disse J\u00fanior da Femac.<br \/>\nO projeto prev\u00ea pista de caminhada, playground, academia ao ar livre, bancos, gramado, arboriza\u00e7\u00e3o especial e um p\u00f3rtico memorial em homenagem aos pioneiros portugueses, que atuaram de forma expressiva no com\u00e9rcio local. \u201cEsta \u00e1rea abrigou por anos a tradicional Casa de Portugal e, em 2006, foi doada ao Senac pela col\u00f4nia portuguesa para edifica\u00e7\u00e3o do novo pr\u00e9dio da entidade. Mas por estar nas proximidades da nascente do Rio Pirap\u00f3, entraves da legisla\u00e7\u00e3o ambiental impossibilitaram a obra, que foi executada posteriormente em terreno de 11,3 mil metros quadrados doado pela Prefeitura de Apucarana nas imedia\u00e7\u00f5es do Parque Municipal Jaboti\u201d, recorda o prefeito J\u00fanior da Femac. As obras, que visam a preserva\u00e7\u00e3o da nascente, t\u00eam autoriza\u00e7\u00e3o do Instituto Ambiental do Paran\u00e1 (IAP) e a anu\u00eancia do Minist\u00e9rio P\u00fablico do Meio Ambiente.<br \/>\nAl\u00e9m da pra\u00e7a defronte \u00e0 UPA, os recursos liberados pelo Sistema Fecom\u00e9rcio a Apucarana tamb\u00e9m contemplam a revitaliza\u00e7\u00e3o do Parque dos 70 anos, junto ao pr\u00e9dio do Senac, na Rua Gast\u00e3o Vidigal. \u201cConcluindo a terraplanagem aqui na \u00e1rea da Rua Clot\u00e1rio Portugal, daremos andamento ao mesmo servi\u00e7o no Parque dos 70\u201d, confirmou o prefeito. A \u00e1rea, de 5 mil metros quadrados, vai ganhar estacionamento, biciclet\u00e1rio, playground e outros equipamentos. O investimento nas duas obras \u00e9 na ordem de R$1.033.000,00. <\/p>\n","protected":false},"excerpt":{"rendered":"<p>O projeto prev\u00ea pista de caminhada, playground, academia ao ar livre, bancos, gramado, arboriza\u00e7\u00e3o especial e um p\u00f3rtico memorial em homenagem aos pioneiros portugueses, que atuaram de forma expressiva no com\u00e9rcio local (Foto: PMA)<\/p>\n","protected":false},"author":4,"featured_media":26610,"comment_status":"closed","ping_status":"open","sticky":false,"template":"","format":"standard","meta":{"footnotes":""},"categories":[24],"tags":[],"class_list":["post-26609","post","type-post","status-publish","format-standard","has-post-thumbnail","hentry","category-noticias"],"acf":[],"_links":{"self":[{"href":"http:\/\/www.apucarana.pr.gov.br\/site\/wp-json\/wp\/v2\/posts\/26609","targetHints":{"allow":["GET"]}}],"collection":[{"href":"http:\/\/www.apucarana.pr.gov.br\/site\/wp-json\/wp\/v2\/posts"}],"about":[{"href":"http:\/\/www.apucarana.pr.gov.br\/site\/wp-json\/wp\/v2\/types\/post"}],"author":[{"embeddable":true,"href":"http:\/\/www.apucarana.pr.gov.br\/site\/wp-json\/wp\/v2\/users\/4"}],"replies":[{"embeddable":true,"href":"http:\/\/www.apucarana.pr.gov.br\/site\/wp-json\/wp\/v2\/comments?post=26609"}],"version-history":[{"count":1,"href":"http:\/\/www.apucarana.pr.gov.br\/site\/wp-json\/wp\/v2\/posts\/26609\/revisions"}],"predecessor-version":[{"id":100142,"href":"http:\/\/www.apucarana.pr.gov.br\/site\/wp-json\/wp\/v2\/posts\/26609\/revisions\/100142"}],"wp:featuredmedia":[{"embeddable":true,"href":"http:\/\/www.apucarana.pr.gov.br\/site\/wp-json\/"}],"wp:attachment":[{"href":"http:\/\/www.apucarana.pr.gov.br\/site\/wp-json\/wp\/v2\/media?parent=26609"}],"wp:term":[{"taxonomy":"category","embeddable":true,"href":"http:\/\/www.apucarana.pr.gov.br\/site\/wp-json\/wp\/v2\/categories?post=26609"},{"taxonomy":"post_tag","embeddable":true,"href":"http:\/\/www.apucarana.pr.gov.br\/site\/wp-json\/wp\/v2\/tags?post=26609"}],"curies":[{"name":"wp","href":"https:\/\/api.w.org\/{rel}","templated":true}]}}