{"id":26594,"date":"2019-09-19T17:15:14","date_gmt":"2019-09-19T20:15:14","guid":{"rendered":"http:\/\/172.16.0.7\/site-antigo\/?p=26594"},"modified":"2024-10-08T09:19:54","modified_gmt":"2024-10-08T12:19:54","slug":"prefeito-junior-recebe-visita-de-alunos-do-glorinha","status":"publish","type":"post","link":"http:\/\/www.apucarana.pr.gov.br\/site\/prefeito-junior-recebe-visita-de-alunos-do-glorinha\/","title":{"rendered":"Prefeito Junior recebe visita de alunos do \u201cGlorinha\u201d"},"content":{"rendered":"<p>O prefeito Junior da Femac recebeu hoje a visita de alunos do per\u00edodo integral do Col\u00e9gio Glorinha, com idade de at\u00e9 4 anos. Al\u00e9m do objetivo de conhecer o prefeito e perguntar sobre algumas curiosidades da idade em rela\u00e7\u00e3o \u00e0s fun\u00e7\u00f5es do chefe do executivo, as crian\u00e7as apresentaram, atrav\u00e9s de suas professoras, um trabalho\u00a0de sustentabilidade e solidariedade que est\u00e3o desenvolvendo na escola.<br \/>\nTrata-se do projeto \u201cTampinha no ch\u00e3o, n\u00e3o!\u201d. A iniciativa visa coletar tampinhas de garrafas pet, cuja comercializa\u00e7\u00e3o ser\u00e1 revertida inicialmente na compra de fraldas geri\u00e1tricas para o Lar S\u00e3o Vicente de Paulo, e posteriormente para outras entidades.<br \/>\nPara colaborar basta depositar as tampinhas nos pontos de coleta distribu\u00eddos dentro do Col\u00e9gio Glorinha. No dia 30 pr\u00f3ximo, ser\u00e1 realizada uma blitz no centro da cidade para divulgar o projeto junto \u00e0 popula\u00e7\u00e3o, que tamb\u00e9m pode\u00a0contribuir para que a arrecada\u00e7\u00e3o seja mais numerosa.<br \/>\nA irm\u00e3 Lurdes Fedacz e as professoras Andr\u00e9a Vicente Sim\u00f5es, J\u00e9ssica Fernanda Silva e Tha\u00eds Vieira da Silva, que acompanharam os alunos, agradeceram o apoio da prefeitura aos eventos do col\u00e9gio, em especial, aos desenvolvidos nas vias p\u00fablicas e que exigem a presen\u00e7a dos guardas municipais para garantir a seguran\u00e7a no tr\u00e2nsito.<br \/>\nO prefeito Junior da Femac, por sua vez, tamb\u00e9m agradeceu a visita e refor\u00e7ou o apoio da prefeitura nas atividades do col\u00e9gio voltadas ao bem comum da comunidade.<\/p>\n","protected":false},"excerpt":{"rendered":"<p>Al\u00e9m de conhecer o prefeito, as crian\u00e7as apresentaram, atrav\u00e9s de suas professoras, um trabalho ambiental que est\u00e3o desenvolvendo na escola<\/p>\n","protected":false},"author":4,"featured_media":26595,"comment_status":"closed","ping_status":"open","sticky":false,"template":"","format":"standard","meta":{"footnotes":""},"categories":[24],"tags":[],"class_list":["post-26594","post","type-post","status-publish","format-standard","has-post-thumbnail","hentry","category-noticias"],"acf":[],"_links":{"self":[{"href":"http:\/\/www.apucarana.pr.gov.br\/site\/wp-json\/wp\/v2\/posts\/26594","targetHints":{"allow":["GET"]}}],"collection":[{"href":"http:\/\/www.apucarana.pr.gov.br\/site\/wp-json\/wp\/v2\/posts"}],"about":[{"href":"http:\/\/www.apucarana.pr.gov.br\/site\/wp-json\/wp\/v2\/types\/post"}],"author":[{"embeddable":true,"href":"http:\/\/www.apucarana.pr.gov.br\/site\/wp-json\/wp\/v2\/users\/4"}],"replies":[{"embeddable":true,"href":"http:\/\/www.apucarana.pr.gov.br\/site\/wp-json\/wp\/v2\/comments?post=26594"}],"version-history":[{"count":1,"href":"http:\/\/www.apucarana.pr.gov.br\/site\/wp-json\/wp\/v2\/posts\/26594\/revisions"}],"predecessor-version":[{"id":100144,"href":"http:\/\/www.apucarana.pr.gov.br\/site\/wp-json\/wp\/v2\/posts\/26594\/revisions\/100144"}],"wp:featuredmedia":[{"embeddable":true,"href":"http:\/\/www.apucarana.pr.gov.br\/site\/wp-json\/"}],"wp:attachment":[{"href":"http:\/\/www.apucarana.pr.gov.br\/site\/wp-json\/wp\/v2\/media?parent=26594"}],"wp:term":[{"taxonomy":"category","embeddable":true,"href":"http:\/\/www.apucarana.pr.gov.br\/site\/wp-json\/wp\/v2\/categories?post=26594"},{"taxonomy":"post_tag","embeddable":true,"href":"http:\/\/www.apucarana.pr.gov.br\/site\/wp-json\/wp\/v2\/tags?post=26594"}],"curies":[{"name":"wp","href":"https:\/\/api.w.org\/{rel}","templated":true}]}}