{"id":26307,"date":"2019-09-10T16:12:58","date_gmt":"2019-09-10T19:12:58","guid":{"rendered":"http:\/\/172.16.0.7\/site-antigo\/?p=26307"},"modified":"2024-10-08T09:19:56","modified_gmt":"2024-10-08T12:19:56","slug":"saude-realiza-mobilizacao-de-prevencao-ao-suicidio","status":"publish","type":"post","link":"http:\/\/www.apucarana.pr.gov.br\/site\/saude-realiza-mobilizacao-de-prevencao-ao-suicidio\/","title":{"rendered":"Sa\u00fade e Assist\u00eancia Social realizam mobiliza\u00e7\u00e3o de preven\u00e7\u00e3o ao suic\u00eddio"},"content":{"rendered":"<p>Com uma estat\u00edstica de 12 suic\u00eddios em 2018 e 10 neste ano no munic\u00edpio, a Autarquia Municipal de Sa\u00fade (AMS) de Apucarana, atrav\u00e9s do Departamento de Sa\u00fade Mental, realizou hoje uma mobiliza\u00e7\u00e3o em alus\u00e3o ao Dia Mundial de Preven\u00e7\u00e3o do Suic\u00eddio (10 de setembro).<br \/>\nAs atividades, tamb\u00e9m organizadas em parceria com a Secretaria de Assist\u00eancia Social, se concentraram na Pra\u00e7a Rui Barbosa e a programa\u00e7\u00e3o teve bal\u00f5es decorando os espelhos de \u00e1gua em frente \u00e0s escadarias da Catedral Nossa Senhora de Lourdes e flores amarelas de papel nos canteiros ao lado da catedral.<br \/>\nTamb\u00e9m foi promovida uma blitz amarela com distribui\u00e7\u00e3o de fitas amarelas para os motoristas que passavam pela Pra\u00e7a Rui Barbosa. Para encerrar houve soltura de 12 bal\u00f5es amarelos representando o n\u00famero de mortes por suic\u00eddio em Apucarana, em 2018.<br \/>\n\u201cO m\u00eas de setembro \u00e9 utilizado mundialmente para preven\u00e7\u00e3o do suic\u00eddio. Uma quest\u00e3o de sa\u00fade p\u00fablica, nove em cada dez destas mortes poderiam ser evitadas, pois a pessoa passava por um transtorno mental naquele momento e n\u00e3o recebeu a ajuda a tempo\u201d, afirma a psic\u00f3loga do Departamento de Sa\u00fade Mental da AMS, Karinne Mareze Carleto.<br \/>\nA rede p\u00fablica de sa\u00fade mental de Apucarana oferece cuidado integral ao usu\u00e1rio atrav\u00e9s do Centro de Atendimento Psicossocial Infanto Juvenil de Apucarana (CAPS IJ), Centro de Atendimento Psicossocial de Apucarana \u00c1lcool e Drogas (CAPS AD), CAPS do Vale do Iva\u00ed \u201cNova Mente\u201d, em Cambira; e ainda atrav\u00e9s do ambulat\u00f3rio do Departamento de Sa\u00fade Mental da AMS.<br \/>\nOs pacientes que necessitarem de atendimento na \u00e1rea de sa\u00fade mental devem procurar a Unidade B\u00e1sica de Sa\u00fade de seu bairro. Em seguida s\u00e3o encaminhados ao Departamento de Sa\u00fade Mental da AMS, onde ser\u00e3o agendadas as consultas com psic\u00f3logo e psiquiatra, de acordo com a necessidade de tratamento de cada um.<br \/>\n&nbsp;<br \/>\n&nbsp;<br \/>\n&nbsp;<br \/>\n&nbsp;<\/p>\n","protected":false},"excerpt":{"rendered":"<p>Atividades na Pra\u00e7a Rui Barbosa alertam popula\u00e7\u00e3o para o grave problema de sa\u00fade p\u00fablica<\/p>\n","protected":false},"author":4,"featured_media":26308,"comment_status":"closed","ping_status":"open","sticky":false,"template":"","format":"standard","meta":{"footnotes":""},"categories":[24],"tags":[],"class_list":["post-26307","post","type-post","status-publish","format-standard","has-post-thumbnail","hentry","category-noticias"],"acf":[],"_links":{"self":[{"href":"http:\/\/www.apucarana.pr.gov.br\/site\/wp-json\/wp\/v2\/posts\/26307","targetHints":{"allow":["GET"]}}],"collection":[{"href":"http:\/\/www.apucarana.pr.gov.br\/site\/wp-json\/wp\/v2\/posts"}],"about":[{"href":"http:\/\/www.apucarana.pr.gov.br\/site\/wp-json\/wp\/v2\/types\/post"}],"author":[{"embeddable":true,"href":"http:\/\/www.apucarana.pr.gov.br\/site\/wp-json\/wp\/v2\/users\/4"}],"replies":[{"embeddable":true,"href":"http:\/\/www.apucarana.pr.gov.br\/site\/wp-json\/wp\/v2\/comments?post=26307"}],"version-history":[{"count":1,"href":"http:\/\/www.apucarana.pr.gov.br\/site\/wp-json\/wp\/v2\/posts\/26307\/revisions"}],"predecessor-version":[{"id":100174,"href":"http:\/\/www.apucarana.pr.gov.br\/site\/wp-json\/wp\/v2\/posts\/26307\/revisions\/100174"}],"wp:featuredmedia":[{"embeddable":true,"href":"http:\/\/www.apucarana.pr.gov.br\/site\/wp-json\/"}],"wp:attachment":[{"href":"http:\/\/www.apucarana.pr.gov.br\/site\/wp-json\/wp\/v2\/media?parent=26307"}],"wp:term":[{"taxonomy":"category","embeddable":true,"href":"http:\/\/www.apucarana.pr.gov.br\/site\/wp-json\/wp\/v2\/categories?post=26307"},{"taxonomy":"post_tag","embeddable":true,"href":"http:\/\/www.apucarana.pr.gov.br\/site\/wp-json\/wp\/v2\/tags?post=26307"}],"curies":[{"name":"wp","href":"https:\/\/api.w.org\/{rel}","templated":true}]}}