{"id":26052,"date":"2019-09-02T13:47:46","date_gmt":"2019-09-02T16:47:46","guid":{"rendered":"http:\/\/172.16.0.7\/site-antigo\/?p=26052"},"modified":"2024-10-08T09:19:59","modified_gmt":"2024-10-08T12:19:59","slug":"professores-da-rede-municipal-participam-de-curso-basico-de-libras","status":"publish","type":"post","link":"http:\/\/www.apucarana.pr.gov.br\/site\/professores-da-rede-municipal-participam-de-curso-basico-de-libras\/","title":{"rendered":"Professores da rede municipal participam de curso b\u00e1sico de Libras"},"content":{"rendered":"<p>Trinta professores da rede municipal de ensino est\u00e3o participando de um curso b\u00e1sico de Libras &#8211; a L\u00edngua Brasileira de Sinais. Promovida em parceria pela a Autarquia Municipal de Educa\u00e7\u00e3o (AME), o Centro de Apoio Multiprofissional ao Escolar (CAME), o Polo da Universidade Aberta do Brasil (Polo UAB) e a Universidade Estadual do Oeste do Paran\u00e1 (Unioeste), a capacita\u00e7\u00e3o visa garantir a acessibilidade e a inclus\u00e3o dos surdos aos centros infantis e escolas.<br \/>\nA primeira aula foi realizada na noite de quinta-feira (29). O curso ter\u00e1 dura\u00e7\u00e3o de 40 horas, sendo 30 presenciais e 10 \u00e0 dist\u00e2ncia. \u201cAo todo, ser\u00e3o dez encontros em que os participantes v\u00e3o aprender sobre os fundamentos e legisla\u00e7\u00f5es, o alfabeto manual, a datilologia, a express\u00e3o corporal e facial, a gram\u00e1tica da Libras, entre outros assuntos,\u201d detalha a coordenadora do Polo UAB, Sueli Gomes Reis.<br \/>\nA forma\u00e7\u00e3o \u00e9 ministrada pelo professor surdo Anderson da Silva Costa e a tradutora e int\u00e9rprete Neide Aparecida da Silva Sigora. A metodologia envolve aulas expositivas e dialogadas, teatros, jogos e atividades l\u00fadicas.<br \/>\nEm Apucarana, onze alunos surdos s\u00e3o atendidos na rede municipal de ensino. \u201cA AME disponibiliza int\u00e9rpretes de Libras para auxili\u00e1-los em sala de aula e eles tamb\u00e9m frequentam as Salas de Recursos Multifuncionais Surdez,\u201d afirma a coordenadora do CAME, L\u00e9ia Sofia Viale.<br \/>\n\u201cGarantir que todos os alunos recebam uma educa\u00e7\u00e3o de qualidade \u00e9 o grande objetivo da gest\u00e3o que come\u00e7ou com o Beto Preto segue agora o prefeito Junior da Femac. Por isso, n\u00f3s buscamos investir constantemente na capacita\u00e7\u00e3o dos professores,\u201d disse a secret\u00e1ria municipal de educa\u00e7\u00e3o, Marli Fernandes.<br \/>\nAl\u00e9m dos professores da rede municipal, participam tamb\u00e9m do curso quinze acad\u00eamicos da Licenciatura em Letras-Libras, da Universidade Estadual do Oeste do Paran\u00e1 (Unioeste), matriculados no polo apucaranense da UAB.<\/p>\n","protected":false},"excerpt":{"rendered":"<p>A capacita\u00e7\u00e3o visa garantir a acessibilidade e a inclus\u00e3o dos alunos surdos aos centros infantis e escolas apucaranenses<\/p>\n","protected":false},"author":4,"featured_media":26053,"comment_status":"closed","ping_status":"open","sticky":false,"template":"","format":"standard","meta":{"footnotes":""},"categories":[24],"tags":[],"class_list":["post-26052","post","type-post","status-publish","format-standard","has-post-thumbnail","hentry","category-noticias"],"acf":[],"_links":{"self":[{"href":"http:\/\/www.apucarana.pr.gov.br\/site\/wp-json\/wp\/v2\/posts\/26052","targetHints":{"allow":["GET"]}}],"collection":[{"href":"http:\/\/www.apucarana.pr.gov.br\/site\/wp-json\/wp\/v2\/posts"}],"about":[{"href":"http:\/\/www.apucarana.pr.gov.br\/site\/wp-json\/wp\/v2\/types\/post"}],"author":[{"embeddable":true,"href":"http:\/\/www.apucarana.pr.gov.br\/site\/wp-json\/wp\/v2\/users\/4"}],"replies":[{"embeddable":true,"href":"http:\/\/www.apucarana.pr.gov.br\/site\/wp-json\/wp\/v2\/comments?post=26052"}],"version-history":[{"count":1,"href":"http:\/\/www.apucarana.pr.gov.br\/site\/wp-json\/wp\/v2\/posts\/26052\/revisions"}],"predecessor-version":[{"id":100201,"href":"http:\/\/www.apucarana.pr.gov.br\/site\/wp-json\/wp\/v2\/posts\/26052\/revisions\/100201"}],"wp:featuredmedia":[{"embeddable":true,"href":"http:\/\/www.apucarana.pr.gov.br\/site\/wp-json\/"}],"wp:attachment":[{"href":"http:\/\/www.apucarana.pr.gov.br\/site\/wp-json\/wp\/v2\/media?parent=26052"}],"wp:term":[{"taxonomy":"category","embeddable":true,"href":"http:\/\/www.apucarana.pr.gov.br\/site\/wp-json\/wp\/v2\/categories?post=26052"},{"taxonomy":"post_tag","embeddable":true,"href":"http:\/\/www.apucarana.pr.gov.br\/site\/wp-json\/wp\/v2\/tags?post=26052"}],"curies":[{"name":"wp","href":"https:\/\/api.w.org\/{rel}","templated":true}]}}