{"id":2573,"date":"2015-02-19T17:17:00","date_gmt":"2015-02-19T17:17:00","guid":{"rendered":"http:\/\/172.16.0.7\/site-antigo\/?p=2573"},"modified":"2024-10-08T09:10:21","modified_gmt":"2024-10-08T12:10:21","slug":"1-festival-de-musica-mensagem-incentiva-antecipacao-das-inscricoes","status":"publish","type":"post","link":"http:\/\/www.apucarana.pr.gov.br\/site\/1-festival-de-musica-mensagem-incentiva-antecipacao-das-inscricoes\/","title":{"rendered":"1\u00aa Festival de M\u00fasica Mensagem incentiva antecipa\u00e7\u00e3o das inscri\u00e7\u00f5es"},"content":{"rendered":"<\/p>\n<p><span style=\"letter-spacing: -0.02em; line-height: 1.45em; background-color: initial;\">A Secretaria Municipal de Promo\u00e7\u00e3o Art\u00edstica, Cultural e Tur\u00edstica de Apucarana informa que vai at\u00e9 o dia 5 de abril o prazo para inscri\u00e7\u00f5es junto ao 1\u00ba Festival de M\u00fasicaMensagem de Apucarana (FEMUDAP). Uma promo\u00e7\u00e3o do Setor Juventude da Diocese de Apucarana, com apoio da prefeitura, o evento tem como tema &ldquo;Juventude, F\u00e9 e Sociedade&rdquo; e lema &ldquo;O desafio de ser jovem&rdquo; e acontece de 24 a 26 de abril, no Cine Teatro F\u00eanix.<br \/><\/span><span style=\"letter-spacing: -0.02em; line-height: 1.45em; background-color: initial;\"><br \/>Apesar de faltar ainda muitos dias para o encerramento, a organiza\u00e7\u00e3o do festival solicita aos interessados que antecipem a inscri\u00e7\u00e3o. &ldquo;A procura por informa\u00e7\u00f5es de como participar do evento \u00e9 bastante grande. A organiza\u00e7\u00e3o j\u00e1 recebeu in\u00fameros contatos de artistas, mas a efetiva\u00e7\u00e3o de inscri\u00e7\u00f5es ainda \u00e9 pequena. Por isto o alerta, para que isso aconte\u00e7a o quanto antes&rdquo;, explica o prefeito Beto Preto (PT).<br \/><\/span><span style=\"letter-spacing: -0.02em; line-height: 1.45em; background-color: initial;\"><br \/>Segundo o supervisor-geral do festival, M\u00e1rio Felipe, as m\u00fasicas inscritas passar\u00e3o por uma avalia\u00e7\u00e3o pr\u00e9via por parte da comiss\u00e3o julgadora. &ldquo;O que refor\u00e7a a import&acirc;ncia da inscri\u00e7\u00e3o antecipada por parte dos interessados. Com inscri\u00e7\u00f5es em cima da hora, corremos o risco de termos um ac\u00famulo que poder\u00e1 prejudicar a organiza\u00e7\u00e3o final do evento&rdquo;, comenta M\u00e1rio Felipe.<br \/><\/span><span style=\"letter-spacing: -0.02em; line-height: 1.45em; background-color: initial;\"><br \/>A secret\u00e1ria da Promo\u00e7\u00e3o Art\u00edstica, Cultural e Tur\u00edstica de Apucarana, professora Maria Agar Borba Ferreira, destaca que a meta do festival mensagem \u00e9 incentivar a criatividade musical, promover interc&acirc;mbio cultural, al\u00e9m de descobrir e valorizar novos talentos, difundir cultura e trabalho de m\u00fasicos e grupos iniciantes. &ldquo;Poder\u00e3o inscrever-se quaisquer compositores ou int\u00e9rpretes amadores que cumpram as exig\u00eancias do regulamento, sem estar necessariamente ligados \u00e0s institui\u00e7\u00f5es e denomina\u00e7\u00f5es religiosas&rdquo;, informa Maria Agar.<br \/><\/span><span style=\"letter-spacing: -0.02em; line-height: 1.45em; background-color: initial;\"><br \/>As m\u00fasicas inscritas dever\u00e3o &ldquo;ser in\u00e9ditas&rdquo; e &ldquo;originais&rdquo; e em l\u00edngua portuguesa. &ldquo;Entendendo por in\u00e9dita, m\u00fasica que nunca tenha sido editada para fins comerciais ou de not\u00f3ria fama e por originais, a m\u00fasica n\u00e3o plagiada. A letra dever\u00e1 se enquadrar no estilo &ldquo;m\u00fasica mensagem&rdquo; e dever\u00e1 estar necessariamente de acordo com o tema ou lema do festival, al\u00e9m de ser construtiva, valorizando a vida humana, respeitando seus princ\u00edpios e valores&rdquo;, explica a secret\u00e1ria.<br \/><\/span><span style=\"letter-spacing: -0.02em; line-height: 1.45em; background-color: initial;\"><br \/>As inscri\u00e7\u00f5es, ao custo de R$30 por m\u00fasica, devem feitas no site da Prefeitura de Apucarana, no endere\u00e7o <\/span><a href=\"http:\/\/www.apucarana.pr.gov.br\/\" style=\"letter-spacing: -0.02em; line-height: 1.45em; background-color: initial;\">www.apucarana.pr.gov.br<\/a><span style=\"letter-spacing: -0.02em; line-height: 1.45em; background-color: initial;\">, local onde tamb\u00e9m est\u00e1 disponibilizado o regulamento geral.<br \/><\/span><span style=\"letter-spacing: -0.02em; line-height: 1.45em; background-color: initial;\"><br \/>Mais informa\u00e7\u00f5es pelos telefones (43) 3423-2944 com a Secretaria Municipal, no (43) 9954-2587 com Fabiana ou (43) 9986-4185 com M\u00e1rio Felipe.<\/span><\/p><\/p>\n","protected":false},"excerpt":{"rendered":"<p>As inscri&ccedil;&otilde;es, ao custo de R$30 por m&uacute;sica, devem feitas no site da Prefeitura de Apucarana, no endere&ccedil;o www.apucarana.pr.gov.br<\/p>\n","protected":false},"author":4,"featured_media":0,"comment_status":"closed","ping_status":"closed","sticky":false,"template":"","format":"standard","meta":{"footnotes":""},"categories":[24],"tags":[],"class_list":["post-2573","post","type-post","status-publish","format-standard","hentry","category-noticias"],"acf":[],"_links":{"self":[{"href":"http:\/\/www.apucarana.pr.gov.br\/site\/wp-json\/wp\/v2\/posts\/2573","targetHints":{"allow":["GET"]}}],"collection":[{"href":"http:\/\/www.apucarana.pr.gov.br\/site\/wp-json\/wp\/v2\/posts"}],"about":[{"href":"http:\/\/www.apucarana.pr.gov.br\/site\/wp-json\/wp\/v2\/types\/post"}],"author":[{"embeddable":true,"href":"http:\/\/www.apucarana.pr.gov.br\/site\/wp-json\/wp\/v2\/users\/4"}],"replies":[{"embeddable":true,"href":"http:\/\/www.apucarana.pr.gov.br\/site\/wp-json\/wp\/v2\/comments?post=2573"}],"version-history":[{"count":1,"href":"http:\/\/www.apucarana.pr.gov.br\/site\/wp-json\/wp\/v2\/posts\/2573\/revisions"}],"predecessor-version":[{"id":104306,"href":"http:\/\/www.apucarana.pr.gov.br\/site\/wp-json\/wp\/v2\/posts\/2573\/revisions\/104306"}],"wp:attachment":[{"href":"http:\/\/www.apucarana.pr.gov.br\/site\/wp-json\/wp\/v2\/media?parent=2573"}],"wp:term":[{"taxonomy":"category","embeddable":true,"href":"http:\/\/www.apucarana.pr.gov.br\/site\/wp-json\/wp\/v2\/categories?post=2573"},{"taxonomy":"post_tag","embeddable":true,"href":"http:\/\/www.apucarana.pr.gov.br\/site\/wp-json\/wp\/v2\/tags?post=2573"}],"curies":[{"name":"wp","href":"https:\/\/api.w.org\/{rel}","templated":true}]}}