{"id":2572,"date":"2015-02-19T07:27:59","date_gmt":"2015-02-19T07:27:59","guid":{"rendered":"http:\/\/172.16.0.7\/site-antigo\/?p=2572"},"modified":"2024-10-08T09:10:21","modified_gmt":"2024-10-08T12:10:21","slug":"apos-enxurrada-aulas-sao-retomadas-na-escola-jose-brazil-camargo","status":"publish","type":"post","link":"http:\/\/www.apucarana.pr.gov.br\/site\/apos-enxurrada-aulas-sao-retomadas-na-escola-jose-brazil-camargo\/","title":{"rendered":"Ap\u00f3s enxurrada, aulas s\u00e3o retomadas na Escola Jos\u00e9 Brazil Camargo"},"content":{"rendered":"<p><p>A Autarquia Municipal de Educa\u00e7\u00e3o (AME) informa que a Escola Municipal Jos\u00e9 Brazil Camargo, localizada no N\u00facleo Michel Soni, retomar\u00e1 normalmente as suas atividades hoje (19\/02), com aulas a partir das 7h 30min.<\/p>\n<p>Uma forte enxurrada atingiu a institui\u00e7\u00e3o na tarde da \u00faltima sexta-feira, alagando o p\u00e1tio e algumas salas de aula. &ldquo;O problema ocorreu principalmente porque a escola foi constru\u00edda em terreno aterrado, propenso a alagamentos, e as galerias pluviais das ruas pr\u00f3ximas n\u00e3o suportaram o volume de chuva que caiu naquele dia&rdquo;, explicou a engenheira da AME, Miriam Elena Favaretto Corbacho.<\/p>\n<p>A secret\u00e1ria de educa\u00e7\u00e3o, professora Marli Fernandes, entretanto, garante que o estabelecimento de ensino j\u00e1 est\u00e1 em condi\u00e7\u00f5es de receber novamente seus alunos. &ldquo;Durante o feriado de carnaval, a equipe de manuten\u00e7\u00e3o escolar da AME e funcion\u00e1rios do p\u00e1tio de m\u00e1quinas da Prefeitura estiveram no local e, juntamente com os funcion\u00e1rios da institui\u00e7\u00e3o, realizaram toda a limpeza necess\u00e1ria&rdquo;, disse. <\/p>\n<p>A Escola Municipal Jos\u00e9 Brazil Camargo est\u00e1 contemplada no cronograma reformas e amplia\u00e7\u00f5es dos pr\u00e9dios escolares da Autarquia Municipal de Educa\u00e7\u00e3o. &ldquo;O prefeito Beto Preto deve dar a ordem para o in\u00edcio das obras nos pr\u00f3ximos dias&rdquo;, afirmou Marli, acrescentando que uma solu\u00e7\u00e3o para a drenagem pluvial tamb\u00e9m j\u00e1 est\u00e1 sendo estudada pela Secretaria de Obras da Prefeitura de Apucarana.<\/p>\n<p><\/p>\n","protected":false},"excerpt":{"rendered":"<p>A escola est&aacute; contemplada no cronograma reformas e amplia&ccedil;&otilde;es dos pr&eacute;dios escolares da Autarquia Municipal de Educa&ccedil;&atilde;o. <\/p>\n","protected":false},"author":4,"featured_media":0,"comment_status":"closed","ping_status":"closed","sticky":false,"template":"","format":"standard","meta":{"footnotes":""},"categories":[24],"tags":[],"class_list":["post-2572","post","type-post","status-publish","format-standard","hentry","category-noticias"],"acf":[],"_links":{"self":[{"href":"http:\/\/www.apucarana.pr.gov.br\/site\/wp-json\/wp\/v2\/posts\/2572","targetHints":{"allow":["GET"]}}],"collection":[{"href":"http:\/\/www.apucarana.pr.gov.br\/site\/wp-json\/wp\/v2\/posts"}],"about":[{"href":"http:\/\/www.apucarana.pr.gov.br\/site\/wp-json\/wp\/v2\/types\/post"}],"author":[{"embeddable":true,"href":"http:\/\/www.apucarana.pr.gov.br\/site\/wp-json\/wp\/v2\/users\/4"}],"replies":[{"embeddable":true,"href":"http:\/\/www.apucarana.pr.gov.br\/site\/wp-json\/wp\/v2\/comments?post=2572"}],"version-history":[{"count":1,"href":"http:\/\/www.apucarana.pr.gov.br\/site\/wp-json\/wp\/v2\/posts\/2572\/revisions"}],"predecessor-version":[{"id":104307,"href":"http:\/\/www.apucarana.pr.gov.br\/site\/wp-json\/wp\/v2\/posts\/2572\/revisions\/104307"}],"wp:attachment":[{"href":"http:\/\/www.apucarana.pr.gov.br\/site\/wp-json\/wp\/v2\/media?parent=2572"}],"wp:term":[{"taxonomy":"category","embeddable":true,"href":"http:\/\/www.apucarana.pr.gov.br\/site\/wp-json\/wp\/v2\/categories?post=2572"},{"taxonomy":"post_tag","embeddable":true,"href":"http:\/\/www.apucarana.pr.gov.br\/site\/wp-json\/wp\/v2\/tags?post=2572"}],"curies":[{"name":"wp","href":"https:\/\/api.w.org\/{rel}","templated":true}]}}