{"id":2571,"date":"2015-02-18T17:53:59","date_gmt":"2015-02-18T17:53:59","guid":{"rendered":"http:\/\/172.16.0.7\/site-antigo\/?p=2571"},"modified":"2024-10-08T09:10:21","modified_gmt":"2024-10-08T12:10:21","slug":"chuva-causa-transtornos-em-apucarana","status":"publish","type":"post","link":"http:\/\/www.apucarana.pr.gov.br\/site\/chuva-causa-transtornos-em-apucarana\/","title":{"rendered":"Chuva causa transtornos em Apucarana"},"content":{"rendered":"<\/p>\n<p><span style=\"letter-spacing: -0.02em; line-height: 1.45em; background-color: initial;\">A precipita\u00e7\u00e3o pluvial, que tem atingido Apucarana de maneira ininterrupta na \u00faltima semana, ocasionou preju\u00edzos em diversos pontos da cidade. &ldquo;Al\u00e9m do aumento de buracos em diversos pontos, a enxurrada ocasionou muitos danos nas v\u00e1rias obras de asfalto novo que temos em andamento&rdquo;, comunicou o prefeito, que recebeu um relat\u00f3rio detalhado do secret\u00e1rio de Obras, Herivelto Moreno. &ldquo;Nossa maior preocupa\u00e7\u00e3o \u00e9 com a seguran\u00e7a das pessoas. Vamos agora tra\u00e7ar um plano para viabilizar solu\u00e7\u00f5es com a maior brevidade, resolvendo antes que os problemas piorem&rdquo;, anunciou Beto.<\/span><span style=\"letter-spacing: -0.02em; line-height: 1.45em; background-color: initial;\"><\/span><\/p>\n<p><span style=\"letter-spacing: -0.02em; line-height: 1.45em; background-color: initial;\"><a href=\"https:\/\/soundcloud.com\/prefeitura-municipal-apucarana\/ouca-beto-preto-chuva-causa-estragos\"><b><u>Click no link<\/u><\/b>: beto-preto-chuva-causa-estragos<\/a><\/span><\/p>\n<p><span style=\"letter-spacing: -0.02em; line-height: 1.45em; background-color: initial;\">De acordo com ele, a recupera\u00e7\u00e3o dos danos vai iniciar assim que parar de chover. &ldquo;No que tange a malha vi\u00e1ria, mantemos tr\u00eas equipes destacadas para trabalhar de maneira simult&acirc;nea o ano todo. Diferente do que acontecia na outra administra\u00e7\u00e3o, onde servi\u00e7os eram feitas apenas durante os tr\u00eas meses que antecediam a elei\u00e7\u00e3o&rdquo;, frisou o prefeito.<br \/><\/span><span style=\"letter-spacing: -0.02em; line-height: 1.45em; background-color: initial;\"><br \/>Entre os locais com danos de grande monta relatados pela Secretaria de Obras ao prefeito estiveram preju\u00edzos ocasionadas na base asf\u00e1ltica de ruas do Residencial Orlando Bacarin, rompimento de galeria pluvial em trecho de 80 metros lineares na rua Abr\u00e3o Nagib Neme, no N\u00facleo Sanches dos Santos, eros\u00e3o em c\u00f3rrego que passa sob a Rua Jo\u00e3o Sampaio, liga\u00e7\u00e3o entre os jardins Milani e Morada do Sol, e enxurrada que invadiu a Escola Municipal Jos\u00e9 Brazil Camargo, no N\u00facleo Michel Soni, e moradias no N\u00facleo Adriano Correia.<\/span><\/p><\/p>\n","protected":false},"excerpt":{"rendered":"<p>A recupera&ccedil;&atilde;o dos danos vai iniciar assim que parar de chover<\/p>\n","protected":false},"author":4,"featured_media":0,"comment_status":"closed","ping_status":"closed","sticky":false,"template":"","format":"standard","meta":{"footnotes":""},"categories":[24],"tags":[],"class_list":["post-2571","post","type-post","status-publish","format-standard","hentry","category-noticias"],"acf":[],"_links":{"self":[{"href":"http:\/\/www.apucarana.pr.gov.br\/site\/wp-json\/wp\/v2\/posts\/2571","targetHints":{"allow":["GET"]}}],"collection":[{"href":"http:\/\/www.apucarana.pr.gov.br\/site\/wp-json\/wp\/v2\/posts"}],"about":[{"href":"http:\/\/www.apucarana.pr.gov.br\/site\/wp-json\/wp\/v2\/types\/post"}],"author":[{"embeddable":true,"href":"http:\/\/www.apucarana.pr.gov.br\/site\/wp-json\/wp\/v2\/users\/4"}],"replies":[{"embeddable":true,"href":"http:\/\/www.apucarana.pr.gov.br\/site\/wp-json\/wp\/v2\/comments?post=2571"}],"version-history":[{"count":1,"href":"http:\/\/www.apucarana.pr.gov.br\/site\/wp-json\/wp\/v2\/posts\/2571\/revisions"}],"predecessor-version":[{"id":104308,"href":"http:\/\/www.apucarana.pr.gov.br\/site\/wp-json\/wp\/v2\/posts\/2571\/revisions\/104308"}],"wp:attachment":[{"href":"http:\/\/www.apucarana.pr.gov.br\/site\/wp-json\/wp\/v2\/media?parent=2571"}],"wp:term":[{"taxonomy":"category","embeddable":true,"href":"http:\/\/www.apucarana.pr.gov.br\/site\/wp-json\/wp\/v2\/categories?post=2571"},{"taxonomy":"post_tag","embeddable":true,"href":"http:\/\/www.apucarana.pr.gov.br\/site\/wp-json\/wp\/v2\/tags?post=2571"}],"curies":[{"name":"wp","href":"https:\/\/api.w.org\/{rel}","templated":true}]}}