{"id":2569,"date":"2015-02-13T18:27:59","date_gmt":"2015-02-13T18:27:59","guid":{"rendered":"http:\/\/172.16.0.7\/site-antigo\/?p=2569"},"modified":"2024-10-08T09:10:22","modified_gmt":"2024-10-08T12:10:22","slug":"jeca-tatu-divulga-livro-em-apucarana","status":"publish","type":"post","link":"http:\/\/www.apucarana.pr.gov.br\/site\/jeca-tatu-divulga-livro-em-apucarana\/","title":{"rendered":"Jeca Tatu divulga livro em Apucarana"},"content":{"rendered":"<\/p>\n<p>Com 70 anos de carreira, marcada por 4 filmes, 5 LPs e 8 CDs, o m\u00fasico e ator Ant&ocirc;nio Pedro da Costa Filho, o &ldquo;Jeca Tatu&rdquo;, est\u00e1 visitando Apucarana para divulgar o livro que narra toda sua trajet\u00f3ria. Em entrevista coletiva, hoje \u00e0 tarde, no Cine Teatro F\u00eanix, ele destacou a import&acirc;ncia da cidade em sua vida profissional. <\/p>\n<p><p><b>Click no link para ouvir<\/b><\/p>\n<\/p>\n<p>&ldquo;Tudo partiu de Apucarana. Foi aqui, que depois de 30 anos de estrada, encontrei espa\u00e7o para mostrar potencial art\u00edstico. Isso aconteceu em 1978, quando o comecei a me apresentar na TV Tibagi, no programa do Mat\u00e3ozinho. Foi ali que me projetei nacionalmente e o Brasil tomou gosto pelas piadas e m\u00fasica do Jeca Tatu&rdquo;, recorda.<\/p>\n<p>Aos 79 anos, ele se diz eternamente agradecido a Apucarana. &ldquo;Dos palcos da TV Tibagi fui recebido no Programa do Bolinha, na TV Bandeirantes; no programa do Lima Duarte, na Rede Globo; de Geraldo Meireles, na Record. Isso aconteceu entre os anos 81 e 82 e minha carreira deslanchou&rdquo;, relata. Devido a esse contexto, o livro, que est\u00e1 sendo finalizado pelo cineasta e escritor carioca La\u00e9rcio Jos\u00e9 da Silva, dedica um cap\u00edtulo especial a Apucarana. O lan\u00e7amento est\u00e1 previsto para abril. <\/p>\n<p>Ant&ocirc;nio Pedro da Costa Filho, personalizado de Jeca Tatu, protagonizou 3 filmes, &ldquo;L\u00e1 no Meu Sert\u00e3o&rdquo; em 1.969; &ldquo;Legal Paca&rdquo;, em 1.987; &ldquo;Jeca Tatu e o Filho do Coronel&rdquo;, em 2.013; e teve participa\u00e7\u00e3o num quarto, &ldquo;Um Voo para a Liberdade&rdquo;, em 2014. &ldquo;O Jeca Tatu n\u00e3o \u00e9 s\u00f3 humor. Ele toca sanfona e cantarola&rdquo;, se define o artista Costa Filho.<\/p>\n<p>Jeca Tatu tamb\u00e9m vai gravar um programa especial de TV em Apucarana, na ter\u00e7a-feira de carnaval. Participam antigos amigos como Mat\u00e3ozinho, duplas e m\u00fasicos convidados de S\u00e3o Paulo, Mato Grosso e Goi\u00e1s. A grava\u00e7\u00e3o acontece numa ch\u00e1cara de lazer, no distrito de Vila Reis, na Rua Altino Reis, N\u00ba 21 (Lau do Oba Oba). &ldquo;Ser\u00e1 uma esp\u00e9cie de document\u00e1rio da minha hist\u00f3ria, com cerca de 40 minutos, para ser divulgado na televis\u00e3o brasileira&rdquo;, informa.<\/p>\n<p><\/p>\n","protected":false},"excerpt":{"rendered":"<p>Artista tem 70 anos de carreira, com 4 filmes, 5 LPs e 8 CDs<\/p>\n","protected":false},"author":4,"featured_media":0,"comment_status":"closed","ping_status":"closed","sticky":false,"template":"","format":"standard","meta":{"footnotes":""},"categories":[24],"tags":[],"class_list":["post-2569","post","type-post","status-publish","format-standard","hentry","category-noticias"],"acf":[],"_links":{"self":[{"href":"http:\/\/www.apucarana.pr.gov.br\/site\/wp-json\/wp\/v2\/posts\/2569","targetHints":{"allow":["GET"]}}],"collection":[{"href":"http:\/\/www.apucarana.pr.gov.br\/site\/wp-json\/wp\/v2\/posts"}],"about":[{"href":"http:\/\/www.apucarana.pr.gov.br\/site\/wp-json\/wp\/v2\/types\/post"}],"author":[{"embeddable":true,"href":"http:\/\/www.apucarana.pr.gov.br\/site\/wp-json\/wp\/v2\/users\/4"}],"replies":[{"embeddable":true,"href":"http:\/\/www.apucarana.pr.gov.br\/site\/wp-json\/wp\/v2\/comments?post=2569"}],"version-history":[{"count":1,"href":"http:\/\/www.apucarana.pr.gov.br\/site\/wp-json\/wp\/v2\/posts\/2569\/revisions"}],"predecessor-version":[{"id":104310,"href":"http:\/\/www.apucarana.pr.gov.br\/site\/wp-json\/wp\/v2\/posts\/2569\/revisions\/104310"}],"wp:attachment":[{"href":"http:\/\/www.apucarana.pr.gov.br\/site\/wp-json\/wp\/v2\/media?parent=2569"}],"wp:term":[{"taxonomy":"category","embeddable":true,"href":"http:\/\/www.apucarana.pr.gov.br\/site\/wp-json\/wp\/v2\/categories?post=2569"},{"taxonomy":"post_tag","embeddable":true,"href":"http:\/\/www.apucarana.pr.gov.br\/site\/wp-json\/wp\/v2\/tags?post=2569"}],"curies":[{"name":"wp","href":"https:\/\/api.w.org\/{rel}","templated":true}]}}