{"id":2568,"date":"2015-02-13T17:46:59","date_gmt":"2015-02-13T17:46:59","guid":{"rendered":"http:\/\/172.16.0.7\/site-antigo\/?p=2568"},"modified":"2024-10-08T09:10:22","modified_gmt":"2024-10-08T12:10:22","slug":"parceria-disponibiliza-planta-residencial-gratuita-em-apucarana","status":"publish","type":"post","link":"http:\/\/www.apucarana.pr.gov.br\/site\/parceria-disponibiliza-planta-residencial-gratuita-em-apucarana\/","title":{"rendered":"Parceria disponibiliza planta residencial gratuita em Apucarana"},"content":{"rendered":"<p><p><span style=\"letter-spacing: -0.02em; line-height: 1.45em; background-color: initial;\">A Prefeitura de Apucarana, CREA-PR e a Associa\u00e7\u00e3o dos Engenheiros de Arquitetos de Apucarana (AEAA) renovaram nesta sexta-feira (13\/02), em ato realizado no gabinete municipal, o conv\u00eanio do Programa Casa F\u00e1cil, pelo qual fam\u00edlias com renda mensal de at\u00e9 tr\u00eas sal\u00e1rios m\u00ednimos podem obter gratuitamente projeto arquitet&ocirc;nico residencial e assist\u00eancia t\u00e9cnica na execu\u00e7\u00e3o de moradias de at\u00e9 70 metros quadrados, bem como a isen\u00e7\u00e3o de taxas tanto do CREA como da prefeitura.<br \/><\/span><span style=\"letter-spacing: -0.02em; line-height: 1.45em; background-color: initial;\"><br \/>A revalida\u00e7\u00e3o do conv\u00eanio, que \u00e9 praticado desde 1.989 e j\u00e1 disponibilizou mais de 5 mil projetos em Apucarana, foi assinada pelo prefeito Beto Preto (PT), vice-prefeito, J\u00fanior da Femac e pelo presidente da Associa\u00e7\u00e3o da AEAA, S\u00e9rgio Takaki. Tamb\u00e9m acompanharam a reuni\u00e3o os secret\u00e1rios municipais S\u00e9rgio Luiz Barroso (Governo) e Herivelto Moreno (Obras). &ldquo;A casa pr\u00f3pria \u00e9 o sonho de todas as fam\u00edlias e este programa \u00e9 muito especial, pois contribui para que moradias sejam edificadas com toda seguran\u00e7a, dentro das normas t\u00e9cnicas. A prefeitura tem muita satisfa\u00e7\u00e3o de poder fazer parte deste processo&rdquo;, salientou o prefeito.<br \/><\/span><span style=\"letter-spacing: -0.02em; line-height: 1.45em; background-color: initial;\"><br \/>O conv\u00eanio segue agora para ser referendado pelos vereadores. Para ter acesso ao Programa Casa F\u00e1cil, o interessado deve comparecer \u00e0 AEAA, que funciona junto ao escrit\u00f3rio local do CREA-PR, na Rua Guarapuava, 580 &ndash; 1\u00aa andar. &ldquo;Temos um acervo com diversos projetos de moradias. Com dois, tr\u00eas quartos, onde a pessoa vai escolher o que mais lhe agradar e que for compat\u00edvel com o terreno que possui&rdquo;, explica o presidente da associa\u00e7\u00e3o, S\u00e9rgio Takaki.<br \/><\/span><span style=\"letter-spacing: -0.02em; line-height: 1.45em; background-color: initial;\"><br \/>Na ocasi\u00e3o, a pessoa vai necessitar apresentar alguns documentos, como contrato de compra e venda ou escritura do im\u00f3vel, comprovante de quita\u00e7\u00e3o de impostos como o IPTU, documentos pessoais. &ldquo;Uma vez escolhido o projeto, a pr\u00f3pria associa\u00e7\u00e3o dar\u00e1 encaminhamento aos tr&acirc;mites visando a aprova\u00e7\u00e3o. A isen\u00e7\u00e3o das taxas do CREA e da prefeitura, gerar\u00e1 economia de at\u00e9 R$2 mil para o benefici\u00e1rio, recursos que poder\u00e3o ser empregados na constru\u00e7\u00e3o da moradia, que dever\u00e1 ser de at\u00e9 70 metros quadrados&rdquo;, complementa Herivelto Moreno, secret\u00e1rio Municipal de Obras. Segundo ele, o programa j\u00e1 chegou a atender 500 interessados por ano, mas no momento a busca m\u00e9dia \u00e9 de 6 a 10 pessoas ao m\u00eas.<br \/><\/span><span style=\"letter-spacing: -0.02em; line-height: 1.45em; background-color: initial;\"><br \/>Procura que deve voltar a crescer neste ano, na vis\u00e3o do vice-prefeito J\u00fanior da Femac. &ldquo;Temos pelo menos 800 fam\u00edlias beneficiadas recentemente pelo Programa Minha Casa, Minha Vida &ndash; fase 1 que se encaixam muito bem no Casa F\u00e1cil. Se a casa tem 42 metros quadrados de constru\u00e7\u00e3o, ela pode solicitar projeto de outros 28 metros quadrados junto ao programa, para uma amplia\u00e7\u00e3o da resid\u00eancia ou para uma ed\u00edcula&rdquo;, exemplificou. &ldquo;Importante as pessoas conhecerem e terem acesso ao Casa F\u00e1cil. N\u00e3o h\u00e1 necessidade de amplia\u00e7\u00f5es irregulares. Ao procurar o programa, a pessoa vai estar garantindo gratuitamente uma obra segura, evitando riscos de acidentes, preju\u00edzos diversos e problemas com a fiscaliza\u00e7\u00e3o&rdquo;, concluiu o vice-prefeito, que faz parte da diretoria da AEAA.<br \/><\/span><span style=\"letter-spacing: -0.02em; line-height: 1.45em; background-color: initial;\"><br \/><b>Servi\u00e7o: <\/b><\/span><span style=\"letter-spacing: -0.02em; line-height: 1.45em; background-color: initial;\">Mais informa\u00e7\u00f5es sobre o Programa Casa F\u00e1cil podem ser obtidas na sede a AEAA &ndash; Rua Guarapuava, 580 ou pelo telefone 3422-8250. O hor\u00e1rio de atendimento \u00e9 das 13h30 \u00e0s 17 horas.<\/span><\/p>\n<p><\/p>\n","protected":false},"excerpt":{"rendered":"<p>A revalida&ccedil;&atilde;o do conv&ecirc;nio, que &eacute; praticado desde 1.989 e j&aacute; disponibilizou mais de 5 mil projetos em Apucarana, foi assinada pelo prefeito Beto Preto (PT)<\/p>\n","protected":false},"author":4,"featured_media":0,"comment_status":"closed","ping_status":"closed","sticky":false,"template":"","format":"standard","meta":{"footnotes":""},"categories":[24],"tags":[],"class_list":["post-2568","post","type-post","status-publish","format-standard","hentry","category-noticias"],"acf":[],"_links":{"self":[{"href":"http:\/\/www.apucarana.pr.gov.br\/site\/wp-json\/wp\/v2\/posts\/2568","targetHints":{"allow":["GET"]}}],"collection":[{"href":"http:\/\/www.apucarana.pr.gov.br\/site\/wp-json\/wp\/v2\/posts"}],"about":[{"href":"http:\/\/www.apucarana.pr.gov.br\/site\/wp-json\/wp\/v2\/types\/post"}],"author":[{"embeddable":true,"href":"http:\/\/www.apucarana.pr.gov.br\/site\/wp-json\/wp\/v2\/users\/4"}],"replies":[{"embeddable":true,"href":"http:\/\/www.apucarana.pr.gov.br\/site\/wp-json\/wp\/v2\/comments?post=2568"}],"version-history":[{"count":1,"href":"http:\/\/www.apucarana.pr.gov.br\/site\/wp-json\/wp\/v2\/posts\/2568\/revisions"}],"predecessor-version":[{"id":104311,"href":"http:\/\/www.apucarana.pr.gov.br\/site\/wp-json\/wp\/v2\/posts\/2568\/revisions\/104311"}],"wp:attachment":[{"href":"http:\/\/www.apucarana.pr.gov.br\/site\/wp-json\/wp\/v2\/media?parent=2568"}],"wp:term":[{"taxonomy":"category","embeddable":true,"href":"http:\/\/www.apucarana.pr.gov.br\/site\/wp-json\/wp\/v2\/categories?post=2568"},{"taxonomy":"post_tag","embeddable":true,"href":"http:\/\/www.apucarana.pr.gov.br\/site\/wp-json\/wp\/v2\/tags?post=2568"}],"curies":[{"name":"wp","href":"https:\/\/api.w.org\/{rel}","templated":true}]}}