{"id":2567,"date":"2015-02-13T10:30:00","date_gmt":"2015-02-13T10:30:00","guid":{"rendered":"http:\/\/172.16.0.7\/site-antigo\/?p=2567"},"modified":"2024-10-08T09:10:22","modified_gmt":"2024-10-08T12:10:22","slug":"centro-pop-mantera-plantao-de-atendimento-durante-o-carnaval","status":"publish","type":"post","link":"http:\/\/www.apucarana.pr.gov.br\/site\/centro-pop-mantera-plantao-de-atendimento-durante-o-carnaval\/","title":{"rendered":"Centro Pop manter\u00e1 plant\u00e3o de atendimento durante o Carnaval"},"content":{"rendered":"<\/p>\n<p>A Secretaria Municipal de Assist\u00eancia Social definiu, para o feriado de Carnaval, um esquema de atendimento em regime de plant\u00e3o no Centro de Refer\u00eancia Especializado para Pessoas em Situa\u00e7\u00e3o de Rua (Centro POP). De s\u00e1bado at\u00e9 a pr\u00f3xima ter\u00e7a-feira, o atendimento ser\u00e1 prestado diariamente no espa\u00e7o &#8211; localizado na Rua Clot\u00e1rio Portugal, n\u00famero 250 &#8211; das 10 \u00e0s 14 horas. Fora deste per\u00edodo, o servi\u00e7o de abordagem social poder\u00e1 ser solicitado no telefone celular (8834-2029).<\/p>\n<p>De acordo com a assistente social Aline Barbosa, coordenadora do Centro Pop, o espa\u00e7o atende diariamente cerca de 40 pessoas. Al\u00e9m do atendimento social e psicol\u00f3gico, o centro oferece banho, almo\u00e7o e passagens de &ocirc;nibus, entre outros servi\u00e7os. &ldquo;Definimos esse hor\u00e1rio especial para atender as pessoas em situa\u00e7\u00e3o de rua neste per\u00edodo, al\u00e9m de manter um telefone celular de plant\u00e3o 24 horas&rdquo;, refor\u00e7a Aline.<\/p>\n<p>A assistente social explica que as pessoas que necessitam de pernoite s\u00e3o encaminhadas para o Abrigo Pop, localizado na Avenida Curitiba, n\u00famero 123, pr\u00f3ximo \u00e0 Pra\u00e7a Mau\u00e1. &ldquo;Neste feriado, o local vai abrir uma hora antes, \u00e0s 17 horas, ficando dispon\u00edvel at\u00e9 \u00e0s 7 da manh\u00e3&rdquo;, informa, citando que diariamente o espa\u00e7o recebe cerca de 30 pessoas para o pernoite.<\/p>\n<p>Na quarta-feira, o atendimento no Centro Pop ser\u00e1 das 10 \u00e0s 17 horas, voltando ao normal na quinta-feira, no per\u00edodo das 8 \u00e0s 17 horas. Mais informa\u00e7\u00f5es no Centro Pop ou pelos telefones 3422-3672 e 8834-2029.<\/p>\n<p><\/p>\n","protected":false},"excerpt":{"rendered":"<p>De s&aacute;bado at&eacute; ter&ccedil;a-feira, o atendimento ser&aacute; prestado  das 10 &agrave;s 14 horas<\/p>\n","protected":false},"author":4,"featured_media":0,"comment_status":"closed","ping_status":"closed","sticky":false,"template":"","format":"standard","meta":{"footnotes":""},"categories":[24],"tags":[],"class_list":["post-2567","post","type-post","status-publish","format-standard","hentry","category-noticias"],"acf":[],"_links":{"self":[{"href":"http:\/\/www.apucarana.pr.gov.br\/site\/wp-json\/wp\/v2\/posts\/2567","targetHints":{"allow":["GET"]}}],"collection":[{"href":"http:\/\/www.apucarana.pr.gov.br\/site\/wp-json\/wp\/v2\/posts"}],"about":[{"href":"http:\/\/www.apucarana.pr.gov.br\/site\/wp-json\/wp\/v2\/types\/post"}],"author":[{"embeddable":true,"href":"http:\/\/www.apucarana.pr.gov.br\/site\/wp-json\/wp\/v2\/users\/4"}],"replies":[{"embeddable":true,"href":"http:\/\/www.apucarana.pr.gov.br\/site\/wp-json\/wp\/v2\/comments?post=2567"}],"version-history":[{"count":1,"href":"http:\/\/www.apucarana.pr.gov.br\/site\/wp-json\/wp\/v2\/posts\/2567\/revisions"}],"predecessor-version":[{"id":104312,"href":"http:\/\/www.apucarana.pr.gov.br\/site\/wp-json\/wp\/v2\/posts\/2567\/revisions\/104312"}],"wp:attachment":[{"href":"http:\/\/www.apucarana.pr.gov.br\/site\/wp-json\/wp\/v2\/media?parent=2567"}],"wp:term":[{"taxonomy":"category","embeddable":true,"href":"http:\/\/www.apucarana.pr.gov.br\/site\/wp-json\/wp\/v2\/categories?post=2567"},{"taxonomy":"post_tag","embeddable":true,"href":"http:\/\/www.apucarana.pr.gov.br\/site\/wp-json\/wp\/v2\/tags?post=2567"}],"curies":[{"name":"wp","href":"https:\/\/api.w.org\/{rel}","templated":true}]}}