{"id":2566,"date":"2015-02-13T10:00:00","date_gmt":"2015-02-13T10:00:00","guid":{"rendered":"http:\/\/172.16.0.7\/site-antigo\/?p=2566"},"modified":"2024-10-08T09:10:22","modified_gmt":"2024-10-08T12:10:22","slug":"agencia-do-trabalhador-alerta-para-site-que-leva-o-nome-de-sine","status":"publish","type":"post","link":"http:\/\/www.apucarana.pr.gov.br\/site\/agencia-do-trabalhador-alerta-para-site-que-leva-o-nome-de-sine\/","title":{"rendered":"Ag\u00eancia do Trabalhador alerta para site que leva o nome de &#8220;Sine&#8221;"},"content":{"rendered":"<p><p>Uma p\u00e1gina na internet de uma ag\u00eancia particular que anuncia vagas de emprego est\u00e1 gerando confus\u00e3o entre os trabalhadores de Apucarana. Ocorre que o endere\u00e7o adota o nome &ldquo;Sine&rdquo;, mesma denomina\u00e7\u00e3o do Sistema Nacional de Emprego composto pelas atuais Ag\u00eancias do Trabalhador. &ldquo;As pessoas fazem a pesquisa no Google pelo termo Sine e s\u00e3o direcionados para essa p\u00e1gina, que oferece vagas de emprego tamb\u00e9m em Apucarana. Ent\u00e3o, os interessados procuram a Ag\u00eancia do Trabalhador em busca destas vagas, que n\u00e3o existem em nosso sistema&rdquo;, alerta Lucas Ortiz Leugi, gerente da Ag\u00eancia do Trabalhador de Apucarana. <\/p>\n<p>Leugi afirma ainda que j\u00e1 levou a situa\u00e7\u00e3o ao conhecimento da Secretaria de Estado do Desenvolvimento Social e Trabalho, que responde pelas mais de 190 Ag\u00eancias do Trabalhador existentes no Paran\u00e1. &ldquo;Eles nos relataram que j\u00e1 receberam reclama\u00e7\u00f5es de outros munic\u00edpios e que estavam estudando as medidas jur\u00eddicas cab\u00edveis para o caso&rdquo;, frisa Leugi, ressaltando que as vagas oferecidas no servi\u00e7o p\u00fablico n\u00e3o t\u00eam custo algum, tanto para o trabalhador quanto para o empregador.<\/p>\n<p>Leugi frisa ainda que, apesar da mudan\u00e7a do nome para Ag\u00eancia do Trabalhador, os locais ainda s\u00e3o conhecidos por boa parte da popula\u00e7\u00e3o como &ldquo;Sine&rdquo;. &ldquo;As diverg\u00eancias entre os nomes s\u00e3o m\u00ednimas. A ag\u00eancia particular classifica a sigla como Site Nacional de Empregos, enquanto o Minist\u00e9rio do Trabalho e Emprego denomina toda a rede como Sistema Nacional de Emprego&rdquo;, compara.<\/p>\n<p>A pol\u00eamica tamb\u00e9m ganhou as redes sociais. No facebook, uma trabalhadora fez um alerta sobre a situa\u00e7\u00e3o. &ldquo;Cuidado para n\u00e3o confundir com o Sine do Minist\u00e9rio do Trabalho e Emprego. Usar esse nome similar eu acho temer\u00e1rio, tanto para o empregador que utiliza o servi\u00e7o p\u00fablico quanto para o trabalhador&rdquo;, adverte uma das postagens.<\/p>\n<p>J\u00e1 os respons\u00e1veis pelo site particular alegam que possuem autoriza\u00e7\u00e3o jur\u00eddica para usar o nome. &ldquo;Realmente n\u00e3o temos liga\u00e7\u00e3o com as ag\u00eancias do Sine do governo, mas prestamos um trabalho bem similar e temos autoriza\u00e7\u00e3o jur\u00eddica para utilizar este nome. Somos um classificado online de vagas de empregos&rdquo;, argumentam os respons\u00e1veis, em postagem feita no m\u00eas de janeiro. <\/p>\n<p>O gerente da Ag\u00eancia do Trabalhador de Apucarana informa que as vagas ofertadas pelo sistema p\u00fablico e gratuito de emprego podem ser conferidas no <a href=\"http:\/\/www.trabalho.pr.gov.br\/\">www.trabalho.pr.gov.br<\/a>, que nesta sexta-feira (13\/02) oferta 61 vagas. &ldquo;Enquanto aguardamos pelas medidas jur\u00eddicas, pedimos a compreens\u00e3o das pessoas e que tomem o cuidado quando est\u00e3o navegando na internet para acessar o site do servi\u00e7o p\u00fablico corretamente, evitando essa confus\u00e3o&rdquo;, finaliza Leugi.<\/p>\n<p><\/p>\n","protected":false},"excerpt":{"rendered":"<p>Ag&ecirc;ncia particular de empregos usa nome similar e gera confus&atilde;o com intermedia&ccedil;&atilde;o feita no servi&ccedil;o p&uacute;blico<\/p>\n","protected":false},"author":4,"featured_media":0,"comment_status":"closed","ping_status":"closed","sticky":false,"template":"","format":"standard","meta":{"footnotes":""},"categories":[24],"tags":[],"class_list":["post-2566","post","type-post","status-publish","format-standard","hentry","category-noticias"],"acf":[],"_links":{"self":[{"href":"http:\/\/www.apucarana.pr.gov.br\/site\/wp-json\/wp\/v2\/posts\/2566","targetHints":{"allow":["GET"]}}],"collection":[{"href":"http:\/\/www.apucarana.pr.gov.br\/site\/wp-json\/wp\/v2\/posts"}],"about":[{"href":"http:\/\/www.apucarana.pr.gov.br\/site\/wp-json\/wp\/v2\/types\/post"}],"author":[{"embeddable":true,"href":"http:\/\/www.apucarana.pr.gov.br\/site\/wp-json\/wp\/v2\/users\/4"}],"replies":[{"embeddable":true,"href":"http:\/\/www.apucarana.pr.gov.br\/site\/wp-json\/wp\/v2\/comments?post=2566"}],"version-history":[{"count":1,"href":"http:\/\/www.apucarana.pr.gov.br\/site\/wp-json\/wp\/v2\/posts\/2566\/revisions"}],"predecessor-version":[{"id":104313,"href":"http:\/\/www.apucarana.pr.gov.br\/site\/wp-json\/wp\/v2\/posts\/2566\/revisions\/104313"}],"wp:attachment":[{"href":"http:\/\/www.apucarana.pr.gov.br\/site\/wp-json\/wp\/v2\/media?parent=2566"}],"wp:term":[{"taxonomy":"category","embeddable":true,"href":"http:\/\/www.apucarana.pr.gov.br\/site\/wp-json\/wp\/v2\/categories?post=2566"},{"taxonomy":"post_tag","embeddable":true,"href":"http:\/\/www.apucarana.pr.gov.br\/site\/wp-json\/wp\/v2\/tags?post=2566"}],"curies":[{"name":"wp","href":"https:\/\/api.w.org\/{rel}","templated":true}]}}