{"id":2565,"date":"2015-02-12T17:46:00","date_gmt":"2015-02-12T17:46:00","guid":{"rendered":"http:\/\/172.16.0.7\/site-antigo\/?p=2565"},"modified":"2024-10-08T09:10:22","modified_gmt":"2024-10-08T12:10:22","slug":"obra-comeca-a-transformar-corredor-de-mato-em-rua","status":"publish","type":"post","link":"http:\/\/www.apucarana.pr.gov.br\/site\/obra-comeca-a-transformar-corredor-de-mato-em-rua\/","title":{"rendered":"Obra come\u00e7a a transformar &#8220;corredor de mato&#8221; em rua"},"content":{"rendered":"<p><p><span style=\"letter-spacing: -0.02em; line-height: 1.45em; background-color: initial;\">Apesar do t\u00edtulo, o trecho da &ldquo;rua&rdquo; Margarida entre as vias Violeta e Tulipa, no Jardim das Flores, at\u00e9 o in\u00edcio desta semana n\u00e3o possu\u00eda nem um tipo de urbaniza\u00e7\u00e3o. A realidade do local, contudo, que \u00e9 classificada pelos pr\u00f3prios moradores como &ldquo;pior que carreador de s\u00edtio abandonado&rdquo;, come\u00e7ou a mudar. Os pedidos por melhorias, que foram negligenciados pelos prefeitos nos \u00faltimos 25 anos, encontraram resposta na atual administra\u00e7\u00e3o, que autorizou iniciou dos servi\u00e7os para pavimenta\u00e7\u00e3o do trecho. &ldquo;A situa\u00e7\u00e3o dos moradores aqui \u00e9 algo bastante dif\u00edcil. Devido as condi\u00e7\u00f5es da via, muitos n\u00e3o conseguem nem mesmo guardar seus ve\u00edculos na garagem, tendo que deixar em ruas pr\u00f3ximas. Realidade que em breve vai fazer parte do passado&rdquo;, disse o prefeito Beto Preto (PT), que acompanhou as primeiras movimenta\u00e7\u00f5es da frente de trabalho que promove a limpeza do terreno.<br \/><\/span><span style=\"letter-spacing: -0.02em; line-height: 1.45em; background-color: initial;\"><br \/>O secret\u00e1rio de Obras, engenheiro Herivelto Moreno, destaca que a urbaniza\u00e7\u00e3o da Rua Margarida vai possibilitar outros avan\u00e7os para a comunidade, sobretudo no que tange a interliga\u00e7\u00e3o de bairros adjacentes. &ldquo;O prefeito \u00e9 bastante sens\u00edvel a quest\u00f5es como estas, onde comunidades t\u00eam esperado por anos para receber asfalto, tanto \u00e9 que esta obra faz parte de um pacote que autorizou melhorias em outros seis trechos, representando investimento com recursos pr\u00f3prios na ordem de R$1,3 milh\u00e3o&rdquo;, assinala o secret\u00e1rio.<br \/><\/span><span style=\"letter-spacing: -0.02em; line-height: 1.45em; background-color: initial;\"><br \/>De acordo com ele, a obra da Rua Margarida vai absorver cerca de R$290 mil. &ldquo;S\u00e3o 500 metros lineares de pavimenta\u00e7\u00e3o, ou 3.100 metros quadrados&rdquo;, esclarece. O trecho vai receber ainda obras de drenagem com a instala\u00e7\u00e3o de galerias pluviais com tubos de 80 cent\u00edmetros de di&acirc;metro.<br \/><\/span><span style=\"letter-spacing: -0.02em; line-height: 1.45em; background-color: initial;\"><br \/>Morador da rua, o aposentado Vanderlei Silva, \u00e9 um dos que por anos reivindicou a melhoria. &ldquo;J\u00e1 tinha perdido as esperan\u00e7as com os outros prefeitos. Fiquei por 15 anos pedindo, mas desta vez foi diferente. Falei com o Beto Preto assim que ele assumiu o cargo. Ele explicou a situa\u00e7\u00e3o que encontrou a prefeitura e se comprometeu a assim que poss\u00edvel, promover esta obra, que agora vai deixar a nossa vida muito melhor&rdquo;, disse Silva. A empreiteira respons\u00e1vel pela obra \u00e9 a Tapalam Constru\u00e7\u00f5es e Empreendimentos Ltda., contratada atrav\u00e9s de concorr\u00eancia p\u00fablica.<\/span><\/p><\/p>\n","protected":false},"excerpt":{"rendered":"<p>Urbaniza&ccedil;&atilde;o da Rua Margarida vai possibilitar outros avan&ccedil;os para a comunidade, sobretudo no que tange a interliga&ccedil;&atilde;o de bairros<\/p>\n","protected":false},"author":4,"featured_media":0,"comment_status":"closed","ping_status":"closed","sticky":false,"template":"","format":"standard","meta":{"footnotes":""},"categories":[24],"tags":[],"class_list":["post-2565","post","type-post","status-publish","format-standard","hentry","category-noticias"],"acf":[],"_links":{"self":[{"href":"http:\/\/www.apucarana.pr.gov.br\/site\/wp-json\/wp\/v2\/posts\/2565","targetHints":{"allow":["GET"]}}],"collection":[{"href":"http:\/\/www.apucarana.pr.gov.br\/site\/wp-json\/wp\/v2\/posts"}],"about":[{"href":"http:\/\/www.apucarana.pr.gov.br\/site\/wp-json\/wp\/v2\/types\/post"}],"author":[{"embeddable":true,"href":"http:\/\/www.apucarana.pr.gov.br\/site\/wp-json\/wp\/v2\/users\/4"}],"replies":[{"embeddable":true,"href":"http:\/\/www.apucarana.pr.gov.br\/site\/wp-json\/wp\/v2\/comments?post=2565"}],"version-history":[{"count":1,"href":"http:\/\/www.apucarana.pr.gov.br\/site\/wp-json\/wp\/v2\/posts\/2565\/revisions"}],"predecessor-version":[{"id":104314,"href":"http:\/\/www.apucarana.pr.gov.br\/site\/wp-json\/wp\/v2\/posts\/2565\/revisions\/104314"}],"wp:attachment":[{"href":"http:\/\/www.apucarana.pr.gov.br\/site\/wp-json\/wp\/v2\/media?parent=2565"}],"wp:term":[{"taxonomy":"category","embeddable":true,"href":"http:\/\/www.apucarana.pr.gov.br\/site\/wp-json\/wp\/v2\/categories?post=2565"},{"taxonomy":"post_tag","embeddable":true,"href":"http:\/\/www.apucarana.pr.gov.br\/site\/wp-json\/wp\/v2\/tags?post=2565"}],"curies":[{"name":"wp","href":"https:\/\/api.w.org\/{rel}","templated":true}]}}