{"id":2563,"date":"2015-02-12T16:18:59","date_gmt":"2015-02-12T16:18:59","guid":{"rendered":"http:\/\/172.16.0.7\/site-antigo\/?p=2563"},"modified":"2024-10-08T09:10:22","modified_gmt":"2024-10-08T12:10:22","slug":"novos-cipeiros-da-ams-anunciam-continuidade-a-avancos-no-ambiente-de-trabalho","status":"publish","type":"post","link":"http:\/\/www.apucarana.pr.gov.br\/site\/novos-cipeiros-da-ams-anunciam-continuidade-a-avancos-no-ambiente-de-trabalho\/","title":{"rendered":"Novos cipeiros da AMS anunciam continuidade a avan\u00e7os no ambiente de trabalho"},"content":{"rendered":"<p><p><span style=\"letter-spacing: -0.02em; line-height: 1.45em; background-color: initial;\">A Autarquia Municipal de Sa\u00fade (AMS) empossou nesta quinta-feira (12\/02), para um mandato de um ano, a nova diretoria da Comiss\u00e3o Interna de Preven\u00e7\u00e3o de Acidentes (CIPA). No ato, realizado na sala de reuni\u00f5es da AMS, o secret\u00e1rio da Sa\u00fade, Roberto Kaneta, esteve representado pelo superintendente Administrativo-geral, Alex Sandro Meredick. &ldquo;A CIPA \u00e9 formada por oito componentes, entre titulares e suplentes, e tem importante papel dentro da estrutura funcional, zelando por a\u00e7\u00f5es preventivas na \u00e1rea do trabalho e da sa\u00fade dos servidores&rdquo;, salientou Meredick.<br \/><\/span><span style=\"letter-spacing: -0.02em; line-height: 1.45em; background-color: initial;\"><br \/>S\u00e3o quatro integrantes indicados pelo gestor municipal &#8211; prefeito Beto Preto &#8211; e o restante escolhido, em dezembro, atrav\u00e9s de vota\u00e7\u00e3o entre os funcion\u00e1rios da AMS. At\u00e9 fevereiro de 2016, o cargo de presidente ser\u00e1 ocupado por M\u00e1rio Santos, que apregoou continuidade dos trabalhos da CIPA, que nos \u00faltimos 12 meses foi presidida por Luciano Pereira da Silva. &ldquo;Agrade\u00e7o ao prefeito e ao secret\u00e1rio da Sa\u00fade pela confian\u00e7a, procurarei ser mais uma engrenagem desta importante m\u00e1quina, que \u00e9 a comiss\u00e3o interna, trabalhando em equipe com este grupo de excelentes profissionais os quais conhe\u00e7o todos a bastante tempo e que, juntamente comigo, t\u00eam a miss\u00e3o de dar continuidade e avan\u00e7ar com os trabalhos&rdquo;, afirmou Santos.<br \/><\/span><span style=\"letter-spacing: -0.02em; line-height: 1.45em; background-color: initial;\"><br \/>Entre as principais atribui\u00e7\u00f5es dos cipeiros est\u00e1 a de planejar e propor \u00e0 diretoria da AMS a implanta\u00e7\u00e3o de medidas preventivas a acidentes e que garantam salubridade ao ambiente de trabalho. Al\u00e9m de acompanhar o dia a dia dos trabalhadores, para deliberar sobre as a\u00e7\u00f5es, os membros da CIPA se re\u00fanem uma vez ao m\u00eas e contam com acompanhamento do t\u00e9cnico em Seguran\u00e7a do Trabalho da AMS, Maur\u00edcio Giacomini. &ldquo;A CIPA acontece na autarquia de Apucarana desde 2010. Neste per\u00edodo s\u00e3o grandes os avan\u00e7os obtidos mediante a implanta\u00e7\u00e3o de medidas que propiciam ao funcion\u00e1rio trabalhar com maior seguran\u00e7a&rdquo;, concluiu Giacomini.<br \/><\/span><span style=\"letter-spacing: -0.02em; line-height: 1.45em; background-color: initial;\"><br \/>A nova composi\u00e7\u00e3o da Comiss\u00e3o Interna da AMS est\u00e1 assim constitu\u00edda: Titulares eleitos: &Eacute;der Rosseti (vice-presidente); Ilda Alves Hoffman; Suplentes eleitos: Marcos de Souza; Paulino Jos\u00e9 Avansi; Titulares indicados pelo gestor: M\u00e1rio dos Santos (presidente); Lilian Domingues (membro-titular); Suplentes indicados pelo gestor: Luciano Pereira da Silva; Gabriel de Souza Merett; Secret\u00e1rio: Lauro Alberto Vieira dos Santos.<\/span><\/p>\n<p><\/p>\n","protected":false},"excerpt":{"rendered":"<p>Entre as principais atribui&ccedil;&otilde;es dos cipeiros est&aacute; a de planejar e propor &agrave; diretoria da AMS a implanta&ccedil;&atilde;o de medidas preventivas a acidentes<\/p>\n","protected":false},"author":4,"featured_media":0,"comment_status":"closed","ping_status":"closed","sticky":false,"template":"","format":"standard","meta":{"footnotes":""},"categories":[24],"tags":[],"class_list":["post-2563","post","type-post","status-publish","format-standard","hentry","category-noticias"],"acf":[],"_links":{"self":[{"href":"http:\/\/www.apucarana.pr.gov.br\/site\/wp-json\/wp\/v2\/posts\/2563","targetHints":{"allow":["GET"]}}],"collection":[{"href":"http:\/\/www.apucarana.pr.gov.br\/site\/wp-json\/wp\/v2\/posts"}],"about":[{"href":"http:\/\/www.apucarana.pr.gov.br\/site\/wp-json\/wp\/v2\/types\/post"}],"author":[{"embeddable":true,"href":"http:\/\/www.apucarana.pr.gov.br\/site\/wp-json\/wp\/v2\/users\/4"}],"replies":[{"embeddable":true,"href":"http:\/\/www.apucarana.pr.gov.br\/site\/wp-json\/wp\/v2\/comments?post=2563"}],"version-history":[{"count":1,"href":"http:\/\/www.apucarana.pr.gov.br\/site\/wp-json\/wp\/v2\/posts\/2563\/revisions"}],"predecessor-version":[{"id":104316,"href":"http:\/\/www.apucarana.pr.gov.br\/site\/wp-json\/wp\/v2\/posts\/2563\/revisions\/104316"}],"wp:attachment":[{"href":"http:\/\/www.apucarana.pr.gov.br\/site\/wp-json\/wp\/v2\/media?parent=2563"}],"wp:term":[{"taxonomy":"category","embeddable":true,"href":"http:\/\/www.apucarana.pr.gov.br\/site\/wp-json\/wp\/v2\/categories?post=2563"},{"taxonomy":"post_tag","embeddable":true,"href":"http:\/\/www.apucarana.pr.gov.br\/site\/wp-json\/wp\/v2\/tags?post=2563"}],"curies":[{"name":"wp","href":"https:\/\/api.w.org\/{rel}","templated":true}]}}