{"id":2562,"date":"2015-02-10T17:30:00","date_gmt":"2015-02-10T17:30:00","guid":{"rendered":"http:\/\/172.16.0.7\/site-antigo\/?p=2562"},"modified":"2024-10-08T09:10:22","modified_gmt":"2024-10-08T12:10:22","slug":"centro-de-oficinas-da-mulher-realizada-aula-inaugural-e-amplia-ofertas-de-cursos","status":"publish","type":"post","link":"http:\/\/www.apucarana.pr.gov.br\/site\/centro-de-oficinas-da-mulher-realizada-aula-inaugural-e-amplia-ofertas-de-cursos\/","title":{"rendered":"Centro de Oficinas da Mulher realizada aula inaugural e amplia ofertas de cursos"},"content":{"rendered":"<p><p><span style=\"letter-spacing: -0.02em; line-height: 1.45em; background-color: initial;\">O Centro de Oficinas da Mulher realizou hoje (10) a aula inaugural dos cursos profissionalizantes que oferece gratuitamente para a comunidade. A solenidade, prestigiada por vereadores e secret\u00e1rios municipais, reuniu as 80 alunas j\u00e1 inscritas para o primeiro semestre de 2015. O prefeito Beto Preto, que cumpria agenda em Curitiba, foi representado pelo secret\u00e1rio de governo, S\u00e9rgio Luiz Barroso.<\/span><\/p>\n<p>Al\u00e9m dos tradicionais cursos como artesanato (biscuit, patch aplique, bordado em chinelo e decoupagem), inform\u00e1tica b\u00e1sica, corte e costura, culin\u00e1ria, beleza e est\u00e9tica (cabeleireiro, depila\u00e7\u00e3o, manicure e pedicure, e design de sobrancelhas), e de dan\u00e7a, que s\u00f3 em 2014 foram frequentados por 600 mulheres, a programa\u00e7\u00e3o de atividades neste ano traz v\u00e1rias inova\u00e7\u00f5es. <\/p>\n<p>As interessadas em receber qualifica\u00e7\u00e3o profissionalizante agora tamb\u00e9m t\u00eam a op\u00e7\u00e3o de freq&uuml;entar aulas de Bordados Manuais; Croch\u00ea em Malha para confec\u00e7\u00e3o de bolsas, esteiras e tapetes; Pintura em Tecido; Arte em Biscuit; Restaura\u00e7\u00e3o de Pe\u00e7as e M\u00f3veis em Madeira; e Tric&ocirc; para Beb\u00eas. Os novos cursos ser\u00e3o ministrados pelas oficineiras solid\u00e1rias que fazem parte Projeto de Economia Solid\u00e1ria e Protagonismo Feminino de Apucarana. <\/p>\n<p>&ldquo;Vamos manter a estrat\u00e9gia de descentralizar nossa atua\u00e7\u00e3o. A proposta \u00e9 levar as a\u00e7\u00f5es realizadas aqui na oficina da mulher tamb\u00e9m para os bairros&rdquo;, afirmou a secret\u00e1ria da Mulher e Assuntos da Fam\u00edlia, Denise Canesin Machado. Essa pr\u00e1tica \u00e9 voltada principalmente \u00e0s mulheres que enfrentam dificuldades para se deslocar at\u00e9 o Centro de Oficinas, no Jardim Am\u00e9rica. Parte dessa estrat\u00e9gia de descentraliza\u00e7\u00e3o \u00e9 desenvolvida atrav\u00e9s do &ocirc;nibus itinerante equipado com m\u00e1quinas para oferta do curso de modelagem e costura. <\/p>\n<p>O Centro de Oficinas da Mulher \u00e9 mantido pela Prefeitura de Apucarana, atrav\u00e9s da Secretaria da Mulher e Assuntos da Fam\u00edlia, com objetivo de promover a autonomia econ&ocirc;mica das mulheres e conseq&uuml;ente gera\u00e7\u00e3o de renda. Alguns cursos ainda oferecem vagas e as interessadas devem se dirigir \u00e0 Rua Castro Alves, 335 &ndash; Jardim Am\u00e9rica. Idade m\u00ednima: 16 anos, p\u00fablico exclusivamente feminino. Os documentos necess\u00e1rios para inscri\u00e7\u00e3o s\u00e3o: c\u00f3pia do RG, CPF e comprovante de resid\u00eancia.Mais informa\u00e7\u00f5es pelo 3426-9153.<\/p>\n<p><\/p>\n","protected":false},"excerpt":{"rendered":"<p>Programa&ccedil;&atilde;o de atividades neste ano traz v&aacute;rias inova&ccedil;&otilde;es <\/p>\n","protected":false},"author":4,"featured_media":0,"comment_status":"closed","ping_status":"closed","sticky":false,"template":"","format":"standard","meta":{"footnotes":""},"categories":[24],"tags":[],"class_list":["post-2562","post","type-post","status-publish","format-standard","hentry","category-noticias"],"acf":[],"_links":{"self":[{"href":"http:\/\/www.apucarana.pr.gov.br\/site\/wp-json\/wp\/v2\/posts\/2562","targetHints":{"allow":["GET"]}}],"collection":[{"href":"http:\/\/www.apucarana.pr.gov.br\/site\/wp-json\/wp\/v2\/posts"}],"about":[{"href":"http:\/\/www.apucarana.pr.gov.br\/site\/wp-json\/wp\/v2\/types\/post"}],"author":[{"embeddable":true,"href":"http:\/\/www.apucarana.pr.gov.br\/site\/wp-json\/wp\/v2\/users\/4"}],"replies":[{"embeddable":true,"href":"http:\/\/www.apucarana.pr.gov.br\/site\/wp-json\/wp\/v2\/comments?post=2562"}],"version-history":[{"count":1,"href":"http:\/\/www.apucarana.pr.gov.br\/site\/wp-json\/wp\/v2\/posts\/2562\/revisions"}],"predecessor-version":[{"id":104317,"href":"http:\/\/www.apucarana.pr.gov.br\/site\/wp-json\/wp\/v2\/posts\/2562\/revisions\/104317"}],"wp:attachment":[{"href":"http:\/\/www.apucarana.pr.gov.br\/site\/wp-json\/wp\/v2\/media?parent=2562"}],"wp:term":[{"taxonomy":"category","embeddable":true,"href":"http:\/\/www.apucarana.pr.gov.br\/site\/wp-json\/wp\/v2\/categories?post=2562"},{"taxonomy":"post_tag","embeddable":true,"href":"http:\/\/www.apucarana.pr.gov.br\/site\/wp-json\/wp\/v2\/tags?post=2562"}],"curies":[{"name":"wp","href":"https:\/\/api.w.org\/{rel}","templated":true}]}}