{"id":2561,"date":"2015-02-10T17:24:59","date_gmt":"2015-02-10T17:24:59","guid":{"rendered":"http:\/\/172.16.0.7\/site-antigo\/?p=2561"},"modified":"2024-10-08T09:10:22","modified_gmt":"2024-10-08T12:10:22","slug":"jeepeiros-reivindicam-posse-definitiva-de-terreno","status":"publish","type":"post","link":"http:\/\/www.apucarana.pr.gov.br\/site\/jeepeiros-reivindicam-posse-definitiva-de-terreno\/","title":{"rendered":"Jeepeiros reivindicam posse definitiva de terreno"},"content":{"rendered":"<p><p><span style=\"letter-spacing: -0.02em; line-height: 1.45em; background-color: initial;\">O secret\u00e1rio de Governo da Prefeitura de Apucarana, Dr. S\u00e9rgio Luiz Barroso, recebeu nesta ter\u00e7a-feira (10\/02), em seu gabinete, um grupo de integrantes do Jeep Club de Apucarana. Chefiados pelo presidente, Emerson Santis, e acompanhados do vereador Vladimir Jos\u00e9 da Silva, reivindicaram ao Executivo a posse definitiva do terreno de 25 mil metros quadrados, localizado na Gleba Nova Ucr&acirc;nia, que pertencente ao munic\u00edpio e \u00e9 ocupado como sede da entidade desde 2007 sob o regime de comodato. &ldquo;Recebemos o pedido e vamos levar agora ao conhecimento do prefeito Beto Preto&rdquo;, disse o secret\u00e1rio. Para que a doa\u00e7\u00e3o da \u00e1rea aconte\u00e7a, a mat\u00e9ria precisa tamb\u00e9m passar pela C&acirc;mara de Vereadores.<br \/><\/span><span style=\"letter-spacing: -0.02em; line-height: 1.45em; background-color: initial;\"><br \/>Criado em 1998 e com estatuto formalizado em 2002, o Jeep Club de Apucarana \u00e9 entidade de interesse p\u00fablico desde 2008. &ldquo;Acreditamos muito no atendimento do nosso pedido, que ser\u00e1 de muita import&acirc;ncia para o fortalecimento das nossas a\u00e7\u00f5es e moderniza\u00e7\u00e3o das nossas estruturas f\u00edsicas&rdquo;, explicou o presidente Emerson Santis. <\/p>\n<p>De acordo com ele, com a posse definitiva da \u00e1rea, a entidade poder\u00e1 ampliar investimentos como a amplia\u00e7\u00e3o do barrac\u00e3o da sede, que \u00e9 utilizado para reuni\u00f5es semanais entre os associados e tamb\u00e9m para festividade com car\u00e1ter beneficente. &ldquo;Nossos eventos t\u00eam atra\u00eddo centenas de pessoas, que com os investimentos que planejamos poderemos atender com maior conforto e seguran\u00e7a&rdquo;, frisa Santis, destacando que o clube de Apucarana \u00e9 referenciado por outros grupos do Paran\u00e1 pela organiza\u00e7\u00e3o e mobiliza\u00e7\u00e3o de seus membros.<br \/><\/span><span style=\"letter-spacing: -0.02em; line-height: 1.45em; background-color: initial;\"><br \/>Durante o encontro, tanto o secret\u00e1rio de governo, quanto o vereador foram convidados a participar da pr\u00f3xima reuni\u00e3o do grupo, que acontece nesta quinta-feira, a partir das 19h30. A entidade conta atualmente com 42 associados.<\/span><\/p>\n<p><\/p>\n","protected":false},"excerpt":{"rendered":"<p>Localizada na Gleba Nova Ucr&acirc;nia, &aacute;rea pertencente ao munic&iacute;pio e &eacute; ocupada como sede da entidade desde 2007 sob o regime de comodato<\/p>\n","protected":false},"author":4,"featured_media":0,"comment_status":"closed","ping_status":"closed","sticky":false,"template":"","format":"standard","meta":{"footnotes":""},"categories":[24],"tags":[],"class_list":["post-2561","post","type-post","status-publish","format-standard","hentry","category-noticias"],"acf":[],"_links":{"self":[{"href":"http:\/\/www.apucarana.pr.gov.br\/site\/wp-json\/wp\/v2\/posts\/2561","targetHints":{"allow":["GET"]}}],"collection":[{"href":"http:\/\/www.apucarana.pr.gov.br\/site\/wp-json\/wp\/v2\/posts"}],"about":[{"href":"http:\/\/www.apucarana.pr.gov.br\/site\/wp-json\/wp\/v2\/types\/post"}],"author":[{"embeddable":true,"href":"http:\/\/www.apucarana.pr.gov.br\/site\/wp-json\/wp\/v2\/users\/4"}],"replies":[{"embeddable":true,"href":"http:\/\/www.apucarana.pr.gov.br\/site\/wp-json\/wp\/v2\/comments?post=2561"}],"version-history":[{"count":1,"href":"http:\/\/www.apucarana.pr.gov.br\/site\/wp-json\/wp\/v2\/posts\/2561\/revisions"}],"predecessor-version":[{"id":104318,"href":"http:\/\/www.apucarana.pr.gov.br\/site\/wp-json\/wp\/v2\/posts\/2561\/revisions\/104318"}],"wp:attachment":[{"href":"http:\/\/www.apucarana.pr.gov.br\/site\/wp-json\/wp\/v2\/media?parent=2561"}],"wp:term":[{"taxonomy":"category","embeddable":true,"href":"http:\/\/www.apucarana.pr.gov.br\/site\/wp-json\/wp\/v2\/categories?post=2561"},{"taxonomy":"post_tag","embeddable":true,"href":"http:\/\/www.apucarana.pr.gov.br\/site\/wp-json\/wp\/v2\/tags?post=2561"}],"curies":[{"name":"wp","href":"https:\/\/api.w.org\/{rel}","templated":true}]}}