{"id":2560,"date":"2015-02-10T10:30:00","date_gmt":"2015-02-10T10:30:00","guid":{"rendered":"http:\/\/172.16.0.7\/site-antigo\/?p=2560"},"modified":"2024-10-08T09:10:22","modified_gmt":"2024-10-08T12:10:22","slug":"natta-intensifica-campanha-de-prevencao-durante-o-carnaval","status":"publish","type":"post","link":"http:\/\/www.apucarana.pr.gov.br\/site\/natta-intensifica-campanha-de-prevencao-durante-o-carnaval\/","title":{"rendered":"NATTA intensifica campanha de preven\u00e7\u00e3o durante o carnaval"},"content":{"rendered":"<p><p>Diversas atividades preventivas foram programadas no munic\u00edpio &#8211; atrav\u00e9s do N\u00facleo de Aten\u00e7\u00e3o, Testagem e Tratamento de Apucarana (NATTA) &ndash; durante o per\u00edodo de carnaval. A abordagem tem\u00e1tica j\u00e1 come\u00e7ou nas unidades b\u00e1sicas de sa\u00fade, junto com a disponibiliza\u00e7\u00e3o de preservativos. Al\u00e9m disso, ser\u00e3o intensificados os testes r\u00e1pidos e est\u00e3o previstas blitze da sa\u00fade.<\/p>\n<p>De acordo com a enfermeira Elisabete Pereira, coordenadora do NATTA, m\u00e9dicos e enfermeiros j\u00e1 est\u00e3o abordando a tem\u00e1tica nas unidades de sa\u00fade h\u00e1 cerca de uma semana. &ldquo;&Eacute; mais um lembrete feito durante as consultas e na sala de espera para que as pessoas vivam com alegria esse per\u00edodo, mas sem descuidar da preven\u00e7\u00e3o e tomando os cuidados necess\u00e1rios&rdquo;, pontua Elisabete. <\/p>\n<p>J\u00e1 os testes r\u00e1pidos s\u00e3o realizados na sede do NATTA, que fica na Rua Dr. Munhoz da Rocha, e abrangem doen\u00e7as como DST\/Aids, hepatites virais (B e C) e s\u00edfilis. &ldquo;Nosso foco \u00e9 a preven\u00e7\u00e3o, mas caso a pessoa tenha se exposto a uma situa\u00e7\u00e3o de risco, orientamos fazer o teste depois de 30 dias, que \u00e9 per\u00edodo da janela imunol\u00f3gica&rdquo;, esclarece.<\/p>\n<p>Elisabete lembra ainda que est\u00e3o programadas duas blitze no dia 13, uma na Pra\u00e7a Rui Barbosa e outra no Jardim Trabalhista, ambas \u00e0s 9 horas. &ldquo;Al\u00e9m da distribui\u00e7\u00e3o de preservativos, vamos entregar materiais informativos como folders e cartilhas&rdquo;, observa Elisabete, lembrando que esses materiais tamb\u00e9m est\u00e3o dispon\u00edveis no NATTA. <\/p>\n<p>No Brasil, a campanha de carnaval 2015 \u00e9 uma continuidade da mobiliza\u00e7\u00e3o j\u00e1 lan\u00e7ada em 1\u00ba de dezembro, que tem como objetivos principais dar maior visibilidade \u00e0s quest\u00f5es do viver com HIV\/AIDS e \u00e0 import&acirc;ncia do teste e o tratamento como preven\u00e7\u00e3o, principalmente junto aos jovens. O mote da campanha \u00e9 &ldquo;#partiuteste &ndash; eu me previno, eu me testo, eu brinco no carnaval&rdquo;. <\/p>\n<p>Mais informa\u00e7\u00f5es pelo telefone 3901-1066 ou na sede do NATTA, que fica na Rua Dr. Munhoz da Rocha, 1645.<\/p>\n<p><\/p>\n","protected":false},"excerpt":{"rendered":"<p>A abordagem tem&aacute;tica j&aacute; come&ccedil;ou nas unidades b&aacute;sicas de sa&uacute;de, junto com a disponibiliza&ccedil;&atilde;o de preservativos<\/p>\n","protected":false},"author":4,"featured_media":0,"comment_status":"closed","ping_status":"closed","sticky":false,"template":"","format":"standard","meta":{"footnotes":""},"categories":[24],"tags":[],"class_list":["post-2560","post","type-post","status-publish","format-standard","hentry","category-noticias"],"acf":[],"_links":{"self":[{"href":"http:\/\/www.apucarana.pr.gov.br\/site\/wp-json\/wp\/v2\/posts\/2560","targetHints":{"allow":["GET"]}}],"collection":[{"href":"http:\/\/www.apucarana.pr.gov.br\/site\/wp-json\/wp\/v2\/posts"}],"about":[{"href":"http:\/\/www.apucarana.pr.gov.br\/site\/wp-json\/wp\/v2\/types\/post"}],"author":[{"embeddable":true,"href":"http:\/\/www.apucarana.pr.gov.br\/site\/wp-json\/wp\/v2\/users\/4"}],"replies":[{"embeddable":true,"href":"http:\/\/www.apucarana.pr.gov.br\/site\/wp-json\/wp\/v2\/comments?post=2560"}],"version-history":[{"count":1,"href":"http:\/\/www.apucarana.pr.gov.br\/site\/wp-json\/wp\/v2\/posts\/2560\/revisions"}],"predecessor-version":[{"id":104319,"href":"http:\/\/www.apucarana.pr.gov.br\/site\/wp-json\/wp\/v2\/posts\/2560\/revisions\/104319"}],"wp:attachment":[{"href":"http:\/\/www.apucarana.pr.gov.br\/site\/wp-json\/wp\/v2\/media?parent=2560"}],"wp:term":[{"taxonomy":"category","embeddable":true,"href":"http:\/\/www.apucarana.pr.gov.br\/site\/wp-json\/wp\/v2\/categories?post=2560"},{"taxonomy":"post_tag","embeddable":true,"href":"http:\/\/www.apucarana.pr.gov.br\/site\/wp-json\/wp\/v2\/tags?post=2560"}],"curies":[{"name":"wp","href":"https:\/\/api.w.org\/{rel}","templated":true}]}}