{"id":2558,"date":"2015-02-09T15:51:59","date_gmt":"2015-02-09T15:51:59","guid":{"rendered":"http:\/\/172.16.0.7\/site-antigo\/?p=2558"},"modified":"2024-10-08T09:10:22","modified_gmt":"2024-10-08T12:10:22","slug":"prefeitura-conclui-pavimentacao-no-residencial-raposa-i","status":"publish","type":"post","link":"http:\/\/www.apucarana.pr.gov.br\/site\/prefeitura-conclui-pavimentacao-no-residencial-raposa-i\/","title":{"rendered":"Prefeitura conclui pavimenta\u00e7\u00e3o no Residencial Raposa I"},"content":{"rendered":"<\/p>\n<p><span style=\"letter-spacing: -0.02em; line-height: 1.45em; background-color: initial;\">O barro em dias de chuva e o a poeira em dias secos j\u00e1 n\u00e3o fazem mais parte do cotidiano dos moradores do Residencial Parque da Raposa I. O \u00faltimo trecho de pavimenta\u00e7\u00e3o, em via que at\u00e9 ent\u00e3o era de ch\u00e3o batido, foi conclu\u00eddo nesta semana na Rua Milton Sence. O resultado da frente de trabalho foi conferido pessoalmente pelo prefeito Beto Preto (PT) nesta segunda-feira. &ldquo;Al\u00e9m de asfalto de qualidade, realizamos neste bairro uma drenagem adequada, que vai garantir escoamento da \u00e1gua da chuva permitindo maior vida \u00fatil ao pavimento&rdquo;, informa o prefeito.<br \/><\/span><span style=\"letter-spacing: -0.02em; line-height: 1.45em; background-color: initial;\"><br \/>Ele frisa que a obra era uma antiga reivindica\u00e7\u00e3o da comunidade e um compromisso de gest\u00e3o. &ldquo;Com isto reparamos uma injusti\u00e7a cometida com os moradores, pois essa obra teve in\u00edcio tr\u00eas semanas antes da elei\u00e7\u00e3o de 2012 e depois n\u00e3o teve sequ\u00eancia. A empreiteira tamb\u00e9m ficou sem pagamento. Com responsabilidade e \u00e9tica, aproveitamos a licita\u00e7\u00e3o, assumimos o contrato e avan\u00e7amos com obra at\u00e9 sua conclus\u00e3o&rdquo;, assinala Beto Preto.<br \/><\/span><span style=\"letter-spacing: -0.02em; line-height: 1.45em; background-color: initial;\"><br \/>Com a chegada do asfalto, os moradores tamb\u00e9m est\u00e3o investindo na melhoria dos im\u00f3veis. &ldquo;Trabalho a muitos anos construindo casas por aqui e conheci as ruas antes. Era terr\u00edvel, um matagal. Esta Rua Milton Sence, por exemplo, era um corredor. Agora melhorou bastante, est\u00e1 tudo \u00f3timo. Os moradores agora est\u00e3o animados&rdquo;, disse o pedreiro Odair de Castro, que foi contratado para executar a constru\u00e7\u00e3o de cal\u00e7ada em duas resid\u00eancias da rua.<br \/><\/span><span style=\"letter-spacing: -0.02em; line-height: 1.45em; background-color: initial;\"><br \/>De acordo com a Secretaria de Obras, no &#8220;Raposa I&#8221; foram asfaltados trechos que somam cerca de um quil&ocirc;metro de pista, com investimentos de R$ 393,6 mil, recursos provenientes do pr\u00f3prio munic\u00edpio. <\/span><span style=\"letter-spacing: -0.02em; line-height: 1.45em; background-color: initial;\">Ruas deterioradas tamb\u00e9m receberam recape, absorvendo mais R$ 100 mil do cofre municipal. O servi\u00e7o compreendeu aproximadamente 15 quadras. Assim como a pavimenta\u00e7\u00e3o, o recape tamb\u00e9m foi executado pela Tapalam Constru\u00e7\u00f5es e Empreendimentos Ltda, vencedora de processo licitat\u00f3rio.<br \/><\/span><span style=\"letter-spacing: -0.02em; line-height: 1.45em; background-color: initial;\"><br \/>Desde o in\u00edcio do atual mandato, em janeiro de 2013 at\u00e9 o momento, cerca de j\u00e1 R$11.100.000,00 foram empregados em obras que levaram asfalto novo, a comunidades que esperavam pela melhoria por at\u00e9 40 anos, recape e lama asf\u00e1ltica. Os recursos tamb\u00e9m foram aplicados em servi\u00e7os paliativos, as chamadas opera\u00e7\u00f5es tapa-buraco. A maioria dos recursos aplicados saiu do caixa pr\u00f3prio do munic\u00edpio e \u00e9 fruto da pol\u00edtica de otimiza\u00e7\u00e3o da m\u00e1quina municipal. Do total investido, R$3.800.000,00 s\u00e3o oriundos de conv\u00eanios com o Minist\u00e9rio das Cidades, do Governo Federal, e com a Sedu\/Paranacidade, do Governo Estadual.<\/span><\/p>\n","protected":false},"excerpt":{"rendered":"<p>Com a chegada do asfalto, os moradores tamb&eacute;m est&atilde;o investindo na melhoria dos im&oacute;veis<\/p>\n","protected":false},"author":4,"featured_media":0,"comment_status":"closed","ping_status":"closed","sticky":false,"template":"","format":"standard","meta":{"footnotes":""},"categories":[24],"tags":[],"class_list":["post-2558","post","type-post","status-publish","format-standard","hentry","category-noticias"],"acf":[],"_links":{"self":[{"href":"http:\/\/www.apucarana.pr.gov.br\/site\/wp-json\/wp\/v2\/posts\/2558","targetHints":{"allow":["GET"]}}],"collection":[{"href":"http:\/\/www.apucarana.pr.gov.br\/site\/wp-json\/wp\/v2\/posts"}],"about":[{"href":"http:\/\/www.apucarana.pr.gov.br\/site\/wp-json\/wp\/v2\/types\/post"}],"author":[{"embeddable":true,"href":"http:\/\/www.apucarana.pr.gov.br\/site\/wp-json\/wp\/v2\/users\/4"}],"replies":[{"embeddable":true,"href":"http:\/\/www.apucarana.pr.gov.br\/site\/wp-json\/wp\/v2\/comments?post=2558"}],"version-history":[{"count":1,"href":"http:\/\/www.apucarana.pr.gov.br\/site\/wp-json\/wp\/v2\/posts\/2558\/revisions"}],"predecessor-version":[{"id":104321,"href":"http:\/\/www.apucarana.pr.gov.br\/site\/wp-json\/wp\/v2\/posts\/2558\/revisions\/104321"}],"wp:attachment":[{"href":"http:\/\/www.apucarana.pr.gov.br\/site\/wp-json\/wp\/v2\/media?parent=2558"}],"wp:term":[{"taxonomy":"category","embeddable":true,"href":"http:\/\/www.apucarana.pr.gov.br\/site\/wp-json\/wp\/v2\/categories?post=2558"},{"taxonomy":"post_tag","embeddable":true,"href":"http:\/\/www.apucarana.pr.gov.br\/site\/wp-json\/wp\/v2\/tags?post=2558"}],"curies":[{"name":"wp","href":"https:\/\/api.w.org\/{rel}","templated":true}]}}