{"id":2557,"date":"2015-02-09T15:36:00","date_gmt":"2015-02-09T15:36:00","guid":{"rendered":"http:\/\/172.16.0.7\/site-antigo\/?p=2557"},"modified":"2024-10-08T09:10:22","modified_gmt":"2024-10-08T12:10:22","slug":"ano-letivo-comeca-com-tranquilidade-na-rede-municipal","status":"publish","type":"post","link":"http:\/\/www.apucarana.pr.gov.br\/site\/ano-letivo-comeca-com-tranquilidade-na-rede-municipal\/","title":{"rendered":"Ano letivo come\u00e7a com tranquilidade na rede municipal"},"content":{"rendered":"<p><p>O ano letivo da rede municipal de Apucarana come\u00e7ou, nesta segunda-feira (09\/02), em um clima de muita tranquilidade. O prefeito Beto Preto, acompanhado de seu vice, J\u00fanior da Femac, e da secret\u00e1ria de educa\u00e7\u00e3o, professora Marli Fernandes, visitou as escolas para acompanhar o primeiro dia de aula. Aproximadamente 11 mil alunos da Educa\u00e7\u00e3o Infantil e dos anos iniciais do Ensino Fundamental retornaram aos bancos escolares.<\/p>\n<p>O principal destaque da volta \u00e0s aulas foi o in\u00edcio do funcionamento de uma nova unidade de ensino &ndash; a Escola Municipal Fernando Jos\u00e9 Acosta, que atender\u00e1 a cerca de 400 crian\u00e7as, moradoras dos residenciais Sumatra I e II, Ja\u00e7an\u00e3 e Cerejeiras, com turmas do 1\u00ba ao 5\u00ba ano do ensino fundamental.<\/p>\n<p>O pr\u00e9dio pr\u00f3prio da Escola Municipal Fernando Jos\u00e9 Acosta, localizado no Residencial Sumatra, ainda est\u00e1 em fase final de constru\u00e7\u00e3o e dever\u00e1 ficar pronto daqui a dois meses. &ldquo;Mas as aulas j\u00e1 come\u00e7aram e, at\u00e9 a conclus\u00e3o das obras, a nova unidade de ensino funcionar\u00e1 junto ao CAIC, em espa\u00e7o compartilhado com a Escola Vida Nova. A Autarquia Municipal de Educa\u00e7\u00e3o (AME) j\u00e1 assegurou transporte a todos os alunos&rdquo;, explicou a secret\u00e1ria Marli.<\/p>\n<p>Com a abertura da nova escola ao p\u00fablico e de mais um CMEI, cujas atividades est\u00e3o programadas para iniciarem no m\u00eas de mar\u00e7o tamb\u00e9m no Sumatra, a AME passar\u00e1 a contar com 59 unidades de ensino, sendo 37 escolas e 22 Centros Municipais de Educa\u00e7\u00e3o Infantil. E, ainda mais um CMEI em fase de acabamento no Jardim Ponta Grossa. <\/p>\n<p>De acordo com prefeito Beto Preto, as condi\u00e7\u00f5es de funcionamento de todas as unidades de ensino apucaranenses j\u00e1 melhoraram bastante ao longo dos dois \u00faltimos anos. &ldquo;Aproveito a volta \u00e0s aulas para convidar aos pais a visitarem as escolas e CMEIs de seus filhos e conhecerem de perto a estrutura educacional que estamos implantando&rdquo;, afirmou ele, acrescentando que hoje os alunos e professores da rede j\u00e1 encontram suas salas de aula equipadas com mesas, arm\u00e1rios e quadros de giz novos, al\u00e9m de televisores de 29 polegadas com entrada USB.<\/p>\n<p><\/p>\n","protected":false},"excerpt":{"rendered":"<p>Aproximadamente 11 mil alunos da Educa&ccedil;&atilde;o Infantil e dos anos iniciais do Ensino Fundamental retornaram, nesta segunda-feira (09\/02), aos bancos escolares.<\/p>\n","protected":false},"author":4,"featured_media":0,"comment_status":"closed","ping_status":"closed","sticky":false,"template":"","format":"standard","meta":{"footnotes":""},"categories":[24],"tags":[],"class_list":["post-2557","post","type-post","status-publish","format-standard","hentry","category-noticias"],"acf":[],"_links":{"self":[{"href":"http:\/\/www.apucarana.pr.gov.br\/site\/wp-json\/wp\/v2\/posts\/2557","targetHints":{"allow":["GET"]}}],"collection":[{"href":"http:\/\/www.apucarana.pr.gov.br\/site\/wp-json\/wp\/v2\/posts"}],"about":[{"href":"http:\/\/www.apucarana.pr.gov.br\/site\/wp-json\/wp\/v2\/types\/post"}],"author":[{"embeddable":true,"href":"http:\/\/www.apucarana.pr.gov.br\/site\/wp-json\/wp\/v2\/users\/4"}],"replies":[{"embeddable":true,"href":"http:\/\/www.apucarana.pr.gov.br\/site\/wp-json\/wp\/v2\/comments?post=2557"}],"version-history":[{"count":1,"href":"http:\/\/www.apucarana.pr.gov.br\/site\/wp-json\/wp\/v2\/posts\/2557\/revisions"}],"predecessor-version":[{"id":104322,"href":"http:\/\/www.apucarana.pr.gov.br\/site\/wp-json\/wp\/v2\/posts\/2557\/revisions\/104322"}],"wp:attachment":[{"href":"http:\/\/www.apucarana.pr.gov.br\/site\/wp-json\/wp\/v2\/media?parent=2557"}],"wp:term":[{"taxonomy":"category","embeddable":true,"href":"http:\/\/www.apucarana.pr.gov.br\/site\/wp-json\/wp\/v2\/categories?post=2557"},{"taxonomy":"post_tag","embeddable":true,"href":"http:\/\/www.apucarana.pr.gov.br\/site\/wp-json\/wp\/v2\/tags?post=2557"}],"curies":[{"name":"wp","href":"https:\/\/api.w.org\/{rel}","templated":true}]}}