{"id":2555,"date":"2015-02-09T11:42:00","date_gmt":"2015-02-09T11:42:00","guid":{"rendered":"http:\/\/172.16.0.7\/site-antigo\/?p=2555"},"modified":"2024-10-08T09:10:22","modified_gmt":"2024-10-08T12:10:22","slug":"emissao-de-carteiras-de-trabalho-tem-horario-especial-de-atendimento","status":"publish","type":"post","link":"http:\/\/www.apucarana.pr.gov.br\/site\/emissao-de-carteiras-de-trabalho-tem-horario-especial-de-atendimento\/","title":{"rendered":"Emiss\u00e3o de carteiras de trabalho tem hor\u00e1rio especial de atendimento"},"content":{"rendered":"<\/p>\n<p>Para atender a demanda represada, a Ag\u00eancia do Trabalhador de Apucarana definiu um hor\u00e1rio especial de atendimento no setor de emiss\u00e3o de <span>Carteiras de Trabalho e Previd\u00eancia Social (CTPS). Desde esta segunda-feira (09\/02), o atendimento iniciou uma hora mais cedo, a partir das 7 da manh\u00e3. Com a mudan\u00e7a, a meta \u00e9 aumentar o n\u00famero de carteiras emitidas diariamente de 40 para mais de 60.<\/span><\/p>\n<p>Lucas Ortiz Leugi, gerente da Ag\u00eancia do Trabalhador em Apucarana, lembra que o servi\u00e7o ficou paralisado por quase 30 dias por determina\u00e7\u00e3o do Minist\u00e9rio do Trabalho e Emprego (MTE), em virtude da implanta\u00e7\u00e3o de um novo sistema de emiss\u00e3o do documento. &ldquo;A atividade foi retomada no dia 12 de janeiro e, desde ent\u00e3o, j\u00e1 emitimos 454 carteiras de trabalho. Entretanto, ainda existe uma demanda represada&rdquo;, observa.<\/p>\n<p>De acordo com Leugi, a Ag\u00eancia do Trabalhador de Apucarana \u00e9 a \u00fanica que est\u00e1 fazendo a emiss\u00e3o de carteiras no munic\u00edpio e uma das poucas que presta o servi\u00e7o no Vale do Iva\u00ed. &ldquo;Estamos recebendo, al\u00e9m de Apucarana, pessoas de v\u00e1rias cidades da regi\u00e3o. Por isso, estabelecemos o hor\u00e1rio excepcional que vai perdurar at\u00e9 quando for necess\u00e1rio&rdquo;, frisa Leugi, informando que est\u00e1 em estudo a amplia\u00e7\u00e3o do hor\u00e1rio tamb\u00e9m no per\u00edodo vespertino, das 17 horas para as 18 horas.<\/p>\n<p>Para a confec\u00e7\u00e3o da carteira de trabalho \u00e9 necess\u00e1rio apresentar os originais do CPF, identidade, certid\u00e3o de nascimento ou casamento, comprovante de resid\u00eancia (tal\u00e3o de \u00e1gua, luz ou telefone) e uma foto 3&#215;4 recente. O documento \u00e9 emitido a partir dos 14 anos de idade, sem que seja necess\u00e1ria a presen\u00e7a do respons\u00e1vel.<span>A Ag\u00eancia do Trabalhador de Apucarana fica na Rua Ren\u00ea Camargo de Azambuja, 705, e funciona de segunda a sexta-feira. O contato pode ser feito pelos telefones 3423-1376\/3423-5266.<\/span><\/p>\n<p><\/p>\n","protected":false},"excerpt":{"rendered":"<p>Desde esta segunda-feira (09\/02), o atendimento iniciou uma hora mais cedo, a partir das 7 da manh&atilde;<\/p>\n","protected":false},"author":4,"featured_media":0,"comment_status":"closed","ping_status":"closed","sticky":false,"template":"","format":"standard","meta":{"footnotes":""},"categories":[24],"tags":[],"class_list":["post-2555","post","type-post","status-publish","format-standard","hentry","category-noticias"],"acf":[],"_links":{"self":[{"href":"http:\/\/www.apucarana.pr.gov.br\/site\/wp-json\/wp\/v2\/posts\/2555","targetHints":{"allow":["GET"]}}],"collection":[{"href":"http:\/\/www.apucarana.pr.gov.br\/site\/wp-json\/wp\/v2\/posts"}],"about":[{"href":"http:\/\/www.apucarana.pr.gov.br\/site\/wp-json\/wp\/v2\/types\/post"}],"author":[{"embeddable":true,"href":"http:\/\/www.apucarana.pr.gov.br\/site\/wp-json\/wp\/v2\/users\/4"}],"replies":[{"embeddable":true,"href":"http:\/\/www.apucarana.pr.gov.br\/site\/wp-json\/wp\/v2\/comments?post=2555"}],"version-history":[{"count":1,"href":"http:\/\/www.apucarana.pr.gov.br\/site\/wp-json\/wp\/v2\/posts\/2555\/revisions"}],"predecessor-version":[{"id":104324,"href":"http:\/\/www.apucarana.pr.gov.br\/site\/wp-json\/wp\/v2\/posts\/2555\/revisions\/104324"}],"wp:attachment":[{"href":"http:\/\/www.apucarana.pr.gov.br\/site\/wp-json\/wp\/v2\/media?parent=2555"}],"wp:term":[{"taxonomy":"category","embeddable":true,"href":"http:\/\/www.apucarana.pr.gov.br\/site\/wp-json\/wp\/v2\/categories?post=2555"},{"taxonomy":"post_tag","embeddable":true,"href":"http:\/\/www.apucarana.pr.gov.br\/site\/wp-json\/wp\/v2\/tags?post=2555"}],"curies":[{"name":"wp","href":"https:\/\/api.w.org\/{rel}","templated":true}]}}