{"id":2554,"date":"2015-02-06T19:52:59","date_gmt":"2015-02-06T19:52:59","guid":{"rendered":"http:\/\/172.16.0.7\/site-antigo\/?p=2554"},"modified":"2024-10-08T09:10:22","modified_gmt":"2024-10-08T12:10:22","slug":"semana-pedagogica-prepara-ano-letivo-em-apucarana","status":"publish","type":"post","link":"http:\/\/www.apucarana.pr.gov.br\/site\/semana-pedagogica-prepara-ano-letivo-em-apucarana\/","title":{"rendered":"Semana Pedag\u00f3gica prepara ano letivo em Apucarana"},"content":{"rendered":"<p><p><span style=\"letter-spacing: -0.02em; line-height: 1.45em; background-color: initial;\">A Autarquia Municipal de Educa\u00e7\u00e3o (AME) concluiu, nesta sexta-feira (06\/02), a Semana Pedag\u00f3gica das suas escolas e centros de educa\u00e7\u00e3o infantil (CMEIs), atividade que envolveu os mais de mil servidores da rede e teve por objetivo planejar o ano letivo 2015.<\/span><\/p>\n<p>O balan\u00e7o final dos trabalhos, para a diretora presidente da AME, professora Marli Fernandes, foi bastante positivo. &ldquo;Todos os nossos colaboradores, desde as diretoras, coordenadoras e professores at\u00e9 as merendeiras, zeladoras e auxiliares administrativos, passaram por forma\u00e7\u00e3o continuada e houve muitos momentos de reflex\u00e3o sobre a qualidade da educa\u00e7\u00e3o que estamos construindo no nosso munic\u00edpio&rdquo;, afirmou.<\/p>\n<p>A abertura da Semana Pedag\u00f3gica aconteceu na \u00faltima segunda-feira, quando a AME proporcionou aos seus docentes um reencontro e uma palestra com o renomado escritor e conferencista Gilcl\u00e9r Regina, no clube de campo &Aacute;gua Azul. No mesmo dia, as merendeiras e auxiliares de cozinha tamb\u00e9m participaram de di\u00e1logo com as nutricionistas Jaqueline de Oliveira e Deise Figueiredo, que discorreram sobre o tema &ldquo;a import&acirc;ncia do card\u00e1pio&rdquo;.<\/p>\n<p>J\u00e1 na ter\u00e7a-feira, o destaque foi a capacita\u00e7\u00e3o dos professores da Educa\u00e7\u00e3o Infantil para o uso dos livros did\u00e1ticos da Cole\u00e7\u00e3o Prosinha, ministrada pela assessora pedag\u00f3gica da editora Saraiva, M\u00e1rcia Beatriz Amplatz. Enquanto que na quarta, os secret\u00e1rios escolares e os auxiliares de servi\u00e7os gerais passaram por forma\u00e7\u00e3o continuada.<\/p>\n<p>Os primeiros assistiram a curso conduzido pela coordenadora acad\u00eamica da Facnopar, professora Maria de Lourdes Bragueto, que abordou o atendimento ao p\u00fablico e a documenta\u00e7\u00e3o escolar, e os \u00faltimos, \u00e0 palestra sobre higieniza\u00e7\u00e3o ambiental e de equipamentos e utens\u00edlios, com o t\u00e9cnico em vigil&acirc;ncia sanit\u00e1ria da Autarquia Municipal de Sa\u00fade, M\u00e1rio Augusto Vieira dos Santos.<\/p>\n<p>Na quinta-feira, houve encontro com os educadores das Escolas de Campo no Polo da UAB e, na sexta, forma\u00e7\u00e3o continuada dos professores de educa\u00e7\u00e3o f\u00edsica no Centro da Juventude.<\/p>\n<p>Durante toda a semana os docentes municipais ainda permaneceram reunidos com a equipe pedag\u00f3gica da AME em nove polos de estudos, distribu\u00eddos entre as escolas, onde analisaram textos sobre assuntos como a &ldquo;Educa\u00e7\u00e3o Integral&rdquo;, a &ldquo;Gest\u00e3o Democr\u00e1tica Participativa&rdquo;, a &ldquo;Pedagogia Hist\u00f3rico-Cr\u00edtica&rdquo;, o &ldquo;Projeto Pol\u00edtico Pedag\u00f3gico&rdquo;, o &ldquo;Plano de A\u00e7\u00e3o das Escolas&rdquo; e o &ldquo;Plano Municipal de Educa\u00e7\u00e3o&rdquo;.<\/p>\n<p>Os servidores da educa\u00e7\u00e3o tamb\u00e9m aprovaram a Semana Pedag\u00f3gica. &ldquo;O ponto principal foi a abertura que a AME deu aos seus professores e funcion\u00e1rios, que democraticamente puderam discutir, opinar e dar sugest\u00f5es sobre os rumos do ensino municipal. A Educa\u00e7\u00e3o avan\u00e7ou muito na gest\u00e3o do prefeito Beto Preto&rdquo;, garantiu a professora Rosimar Aparecida da Silva Cazarin, da Escola Municipal Pl\u00e1cido de Castro,<\/p>\n<p>Vale lembrar que o ano letivo da rede municipal de ensino ter\u00e1 in\u00edcio na pr\u00f3xima segunda-feira (09\/02). Em 2015, a Autarquia Municipal de Educa\u00e7\u00e3o atender\u00e1 a aproximadamente 11 mil alunos, matriculados na Educa\u00e7\u00e3o Infantil, nos anos iniciais do Ensino Fundamental e na Educa\u00e7\u00e3o de Jovens e Adultos (EJA).<\/p>\n<p><\/p>\n","protected":false},"excerpt":{"rendered":"<p>Durante 5 dias, mais de 1.000 servidores tiveram capacita&ccedil;&atilde;o e trabalharam no planejamento das atividades de 2015<\/p>\n","protected":false},"author":4,"featured_media":0,"comment_status":"closed","ping_status":"closed","sticky":false,"template":"","format":"standard","meta":{"footnotes":""},"categories":[24],"tags":[],"class_list":["post-2554","post","type-post","status-publish","format-standard","hentry","category-noticias"],"acf":[],"_links":{"self":[{"href":"http:\/\/www.apucarana.pr.gov.br\/site\/wp-json\/wp\/v2\/posts\/2554","targetHints":{"allow":["GET"]}}],"collection":[{"href":"http:\/\/www.apucarana.pr.gov.br\/site\/wp-json\/wp\/v2\/posts"}],"about":[{"href":"http:\/\/www.apucarana.pr.gov.br\/site\/wp-json\/wp\/v2\/types\/post"}],"author":[{"embeddable":true,"href":"http:\/\/www.apucarana.pr.gov.br\/site\/wp-json\/wp\/v2\/users\/4"}],"replies":[{"embeddable":true,"href":"http:\/\/www.apucarana.pr.gov.br\/site\/wp-json\/wp\/v2\/comments?post=2554"}],"version-history":[{"count":1,"href":"http:\/\/www.apucarana.pr.gov.br\/site\/wp-json\/wp\/v2\/posts\/2554\/revisions"}],"predecessor-version":[{"id":104325,"href":"http:\/\/www.apucarana.pr.gov.br\/site\/wp-json\/wp\/v2\/posts\/2554\/revisions\/104325"}],"wp:attachment":[{"href":"http:\/\/www.apucarana.pr.gov.br\/site\/wp-json\/wp\/v2\/media?parent=2554"}],"wp:term":[{"taxonomy":"category","embeddable":true,"href":"http:\/\/www.apucarana.pr.gov.br\/site\/wp-json\/wp\/v2\/categories?post=2554"},{"taxonomy":"post_tag","embeddable":true,"href":"http:\/\/www.apucarana.pr.gov.br\/site\/wp-json\/wp\/v2\/tags?post=2554"}],"curies":[{"name":"wp","href":"https:\/\/api.w.org\/{rel}","templated":true}]}}