{"id":2553,"date":"2015-02-06T12:04:59","date_gmt":"2015-02-06T12:04:59","guid":{"rendered":"http:\/\/172.16.0.7\/site-antigo\/?p=2553"},"modified":"2024-10-08T09:10:22","modified_gmt":"2024-10-08T12:10:22","slug":"municipio-doa-material-para-aulas-praticas-no-colegio-agricola","status":"publish","type":"post","link":"http:\/\/www.apucarana.pr.gov.br\/site\/municipio-doa-material-para-aulas-praticas-no-colegio-agricola\/","title":{"rendered":"Munic\u00edpio doa material para aulas pr\u00e1ticas no Col\u00e9gio Agr\u00edcola"},"content":{"rendered":"<p><p>A Prefeitura de Apucarana, atrav\u00e9s da Secretaria de Agricultura, vai colaborar com as aulas de insemina\u00e7\u00e3o artificial de gado leiteiro no Col\u00e9gio Agr\u00edcola Estadual Manoel Ribas. Nesta sexta-feira (06\/02), o prefeito de Apucarana, Beto Preto, assinou o termo de doa\u00e7\u00e3o de palhetas de s\u00eamen das ra\u00e7as holandesa, gersey, pardo-su\u00ed\u00e7o e girolanda. <\/p>\n<p>Estiveram presentes durante a assinatura do documento Evanildo Mantine, diretor-geral do Col\u00e9gio Agr\u00edcola, e J\u00falio C\u00e9sar Pedroso, diretor da unidade produtiva, al\u00e9m do secret\u00e1rio municipal de Agricultura, Jo\u00e3o Carmo Fonseca, do superintendente municipal de Agricultura, Jos\u00e9 Luiz Porto, e do vereador Luciano Molina.<\/p>\n<p>Beto Preto destacou a import&acirc;ncia do Col\u00e9gio Agr\u00edcola Estadual Manoel Ribas para Apucarana e regi\u00e3o. &ldquo;Atualmente, o col\u00e9gio conta com 400 alunos, oriundos de 70 munic\u00edpios da regi\u00e3o&rdquo;, salienta Beto Preto, lembrando que a institui\u00e7\u00e3o est\u00e1 ampliando a estrutura para acomodar melhor os estudantes e para o desenvolvimento das atividades. <\/p>\n<p>&ldquo;Est\u00e3o sendo constru\u00eddos dois novos alojamentos masculinos e um feminino, al\u00e9m de duas agroind\u00fastrias, somando investimentos de cerca de R$ 5 milh\u00f5es. &Eacute; uma satisfa\u00e7\u00e3o poder contribuir com o Col\u00e9gio Agr\u00edcola, uma institui\u00e7\u00e3o que est\u00e1 em expans\u00e3o e que forma profissionais num setor t\u00e3o importante para Apucarana e regi\u00e3o&rdquo;, frisa Beto Preto.<\/p>\n<p><\/p>\n","protected":false},"excerpt":{"rendered":"<p>Secretaria da Agricultura est&aacute; doando palhetas de s&ecirc;men das ra&ccedil;as holandesa, gersey, pardo-su&iacute;&ccedil;o e girolanda. <\/p>\n","protected":false},"author":4,"featured_media":0,"comment_status":"closed","ping_status":"closed","sticky":false,"template":"","format":"standard","meta":{"footnotes":""},"categories":[24],"tags":[],"class_list":["post-2553","post","type-post","status-publish","format-standard","hentry","category-noticias"],"acf":[],"_links":{"self":[{"href":"http:\/\/www.apucarana.pr.gov.br\/site\/wp-json\/wp\/v2\/posts\/2553","targetHints":{"allow":["GET"]}}],"collection":[{"href":"http:\/\/www.apucarana.pr.gov.br\/site\/wp-json\/wp\/v2\/posts"}],"about":[{"href":"http:\/\/www.apucarana.pr.gov.br\/site\/wp-json\/wp\/v2\/types\/post"}],"author":[{"embeddable":true,"href":"http:\/\/www.apucarana.pr.gov.br\/site\/wp-json\/wp\/v2\/users\/4"}],"replies":[{"embeddable":true,"href":"http:\/\/www.apucarana.pr.gov.br\/site\/wp-json\/wp\/v2\/comments?post=2553"}],"version-history":[{"count":1,"href":"http:\/\/www.apucarana.pr.gov.br\/site\/wp-json\/wp\/v2\/posts\/2553\/revisions"}],"predecessor-version":[{"id":104326,"href":"http:\/\/www.apucarana.pr.gov.br\/site\/wp-json\/wp\/v2\/posts\/2553\/revisions\/104326"}],"wp:attachment":[{"href":"http:\/\/www.apucarana.pr.gov.br\/site\/wp-json\/wp\/v2\/media?parent=2553"}],"wp:term":[{"taxonomy":"category","embeddable":true,"href":"http:\/\/www.apucarana.pr.gov.br\/site\/wp-json\/wp\/v2\/categories?post=2553"},{"taxonomy":"post_tag","embeddable":true,"href":"http:\/\/www.apucarana.pr.gov.br\/site\/wp-json\/wp\/v2\/tags?post=2553"}],"curies":[{"name":"wp","href":"https:\/\/api.w.org\/{rel}","templated":true}]}}