{"id":2552,"date":"2015-02-06T10:48:00","date_gmt":"2015-02-06T10:48:00","guid":{"rendered":"http:\/\/172.16.0.7\/site-antigo\/?p=2552"},"modified":"2024-10-08T09:10:22","modified_gmt":"2024-10-08T12:10:22","slug":"comite-gestor-avalia-atividades-da-sala-de-negocios","status":"publish","type":"post","link":"http:\/\/www.apucarana.pr.gov.br\/site\/comite-gestor-avalia-atividades-da-sala-de-negocios\/","title":{"rendered":"Comit\u00ea gestor avalia atividades da Sala de Neg\u00f3cios"},"content":{"rendered":"<p><p>Desde o in\u00edcio deste ano, o programa de compras p\u00fablicas conta com a Sala de Neg\u00f3cios, localizada na sede da Associa\u00e7\u00e3o Comercial, Industrial e de Servi\u00e7os de Apucarana (Acia). Trata-se de um servi\u00e7o que d\u00e1 suporte a compradores e fornecedores, desde a parte documental at\u00e9 informa\u00e7\u00f5es sobre o cronograma de licita\u00e7\u00f5es previstas ao longo do ano. Nesta sexta-feira (06\/02), o in\u00edcio das atividades foi avaliado durante reuni\u00e3o do Comit\u00ea Gestor Municipal das Micro e Pequenas Empresas de Apucarana. <\/p>\n<p>O encontro contou com participa\u00e7\u00e3o do secret\u00e1rio municipal de Ind\u00fastria e Com\u00e9rcio, La\u00e9rcio Costa, e do presidente da Acia, Junior Serea, al\u00e9m de representantes de diversas entidades que comp\u00f5em o comit\u00ea gestor, entre as quais o Sebrae, Observat\u00f3rio Social de Apucarana e Sindicato dos Contabilistas de Apucarana. &ldquo;A cada 15 dias, o comit\u00ea gestor se re\u00fane e trata de um tema. A Sala de Neg\u00f3cios come\u00e7ou a funcionar em janeiro e o encontro avaliou o in\u00edcio das atividades&rdquo;, pontua La\u00e9rcio Costa.<\/p>\n<p>Segundo ele, em dezembro do ano passado uma comitiva de Apucarana foi at\u00e9 Londrina para conhecer o funcionamento da Sala de Neg\u00f3cios naquela cidade. &ldquo;Com base neste modelo, o servi\u00e7o foi implantado em Apucarana, que conta com uma pessoa respons\u00e1vel al\u00e9m de um estagi\u00e1rio da \u00e1rea de Direito&rdquo;, explica, informando que o atendimento \u00e9 disponibilizado no per\u00edodo das 8 \u00e0s 18 horas.<\/p>\n<p>La\u00e9rcio Costa, que tamb\u00e9m \u00e9 presidente do Comit\u00ea Gestor Municipal das Micro e Pequenas Empresas de Apucarana, lembra que os compradores e fornecedores est\u00e3o sendo capacitados desde meados do ano passado. &ldquo;Atualmente, mais de 80% dos produtos e servi\u00e7os s\u00e3o fornecidos por empresas de fora de Apucarana. O programa busca inverter esse quadro, alavancando a participa\u00e7\u00e3o de empresas locais&rdquo;, frisa. <\/p>\n<p>As compras p\u00fablicas s\u00e3o feitas, atrav\u00e9s de processos licitat\u00f3rios, por \u00f3rg\u00e3os como Prefeitura e autarquias municipais, Sesc, Sesi, Senai, Sebrae, Fiep, Copel e Sanepar, al\u00e9m de escolas e universidades, institui\u00e7\u00f5es financeiras, corpora\u00e7\u00f5es militares e entidades de classe.&ldquo;A Sala de Neg\u00f3cios vai ajudar os empres\u00e1rios a compreender todo esse processo que movimenta em Apucarana mais de R$ 100 milh\u00f5es por ano, orientando sobre a documenta\u00e7\u00e3o necess\u00e1ria, informando sobre as licita\u00e7\u00f5es previstas e dando todo o suporte necess\u00e1rio para que as empresas locais participem cada vez mais das compras p\u00fablicas&rdquo;, completa.<\/p>\n<p><\/p>\n","protected":false},"excerpt":{"rendered":"<p>Servi&ccedil;o funciona na Acia e d&aacute; suporte a compradores e fornecedores<\/p>\n","protected":false},"author":4,"featured_media":0,"comment_status":"closed","ping_status":"closed","sticky":false,"template":"","format":"standard","meta":{"footnotes":""},"categories":[24],"tags":[],"class_list":["post-2552","post","type-post","status-publish","format-standard","hentry","category-noticias"],"acf":[],"_links":{"self":[{"href":"http:\/\/www.apucarana.pr.gov.br\/site\/wp-json\/wp\/v2\/posts\/2552","targetHints":{"allow":["GET"]}}],"collection":[{"href":"http:\/\/www.apucarana.pr.gov.br\/site\/wp-json\/wp\/v2\/posts"}],"about":[{"href":"http:\/\/www.apucarana.pr.gov.br\/site\/wp-json\/wp\/v2\/types\/post"}],"author":[{"embeddable":true,"href":"http:\/\/www.apucarana.pr.gov.br\/site\/wp-json\/wp\/v2\/users\/4"}],"replies":[{"embeddable":true,"href":"http:\/\/www.apucarana.pr.gov.br\/site\/wp-json\/wp\/v2\/comments?post=2552"}],"version-history":[{"count":1,"href":"http:\/\/www.apucarana.pr.gov.br\/site\/wp-json\/wp\/v2\/posts\/2552\/revisions"}],"predecessor-version":[{"id":104327,"href":"http:\/\/www.apucarana.pr.gov.br\/site\/wp-json\/wp\/v2\/posts\/2552\/revisions\/104327"}],"wp:attachment":[{"href":"http:\/\/www.apucarana.pr.gov.br\/site\/wp-json\/wp\/v2\/media?parent=2552"}],"wp:term":[{"taxonomy":"category","embeddable":true,"href":"http:\/\/www.apucarana.pr.gov.br\/site\/wp-json\/wp\/v2\/categories?post=2552"},{"taxonomy":"post_tag","embeddable":true,"href":"http:\/\/www.apucarana.pr.gov.br\/site\/wp-json\/wp\/v2\/tags?post=2552"}],"curies":[{"name":"wp","href":"https:\/\/api.w.org\/{rel}","templated":true}]}}