{"id":2550,"date":"2015-02-05T11:53:00","date_gmt":"2015-02-05T11:53:00","guid":{"rendered":"http:\/\/172.16.0.7\/site-antigo\/?p=2550"},"modified":"2024-10-08T09:10:23","modified_gmt":"2024-10-08T12:10:23","slug":"fruticultores-de-apucarana-fazem-visita-tecnica-ao-show-rural","status":"publish","type":"post","link":"http:\/\/www.apucarana.pr.gov.br\/site\/fruticultores-de-apucarana-fazem-visita-tecnica-ao-show-rural\/","title":{"rendered":"Fruticultores de Apucarana fazem visita t\u00e9cnica ao Show Rural"},"content":{"rendered":"<p><p>Um grupo de 18 fruticultores de Apucarana esteve nesta semana em Cascavel, onde fez uma visita t\u00e9cnica ao Show Rural Coopavel, feira agropecu\u00e1ria que se encerra nesta sexta-feira (06\/02). Os produtores foram conhecer novas tecnologias e as novidades do setor, participando de palestras t\u00e9cnicas em estandes da Embrapa e do Iapar. <\/p>\n<p>O prefeito de Apucarana, Beto Preto, lembra que o Munic\u00edpio incentiva a fruticultura desde 2013, atrav\u00e9s do Programa Terra Forte. <span>&ldquo;O programa re\u00fane atualmente 175 agricultores, que recebem mudas frut\u00edferas, calc\u00e1rio e fosfato, al\u00e9m de toda a assist\u00eancia t\u00e9cnica de manejo. O objetivo \u00e9 gerar renda no campo e, ao mesmo tempo, enriquecer a merenda escolar. De acordo com as regras do programa, nas primeiras colheitas, os participantes ir\u00e3o repassar parte da produ\u00e7\u00e3o para escolas, creches e institui\u00e7\u00f5es sociais como contrapartida aos incentivos recebidos&rdquo;, explica Beto Preto. <\/span><\/p>\n<p>Jos\u00e9 Luiz Porto, superintendente municipal de Agricultura, destaca que a Prefeitura de Apucarana viabilizou o transporte at\u00e9 Cascavel e que outras visitas ser\u00e3o agendadas ao longo do ano. &ldquo;Ao todo, 175 produtores aderiram ao programa e j\u00e1 fizeram o plantio de 14 mil mudas de uva, 2 mil mudas de goiaba, 10 mil de figo e 18 mil mudas de maracuj\u00e1. Feito o plantio, estamos agora proporcionando oportunidades em feiras e eventos t\u00e9cnicos, com o objetivo de abrir novos horizontes&rdquo;, explica Porto.<\/p>\n<p>Durante a visita t\u00e9cnica, os fruticultores foram acompanhados pelos t\u00e9cnicos agr\u00edcolas Robson Jos\u00e9 Menegardi e Marco Aur\u00e9lio Bertasso. &ldquo;Eles tiveram a oportunidade de participar de uma palestra t\u00e9cnica sobre enxertia de uva de mesa e tamb\u00e9m puderam tirar d\u00favidas sobre pr\u00e1ticas culturais do figo, goiaba e maracuj\u00e1, al\u00e9m de manterem contato com novas tecnologias e maquin\u00e1rios&rdquo;, relata Bertasso.<\/p>\n<p>O Show Rural Coopavel \u00e9 realizado h\u00e1 27 anos, sendo uma <span>das principais feiras agr\u00edcolas do pa\u00eds e tem como objetivo a difus\u00e3o de tecnologias que contribuem para o aumento da produtividade no campo. Na edi\u00e7\u00e3o deste ano, o Show Rural conta com 480 expositores de diversas \u00e1reas , como equipamentos, sementes e insumos, gen\u00e9tica, m\u00e1quinas agr\u00edcolas, pecu\u00e1ria, avicultura e fruticultura, entre outros. A expectativa da organiza\u00e7\u00e3o do evento \u00e9 receber, at\u00e9 o final do evento, um p\u00fablico de mais de 220 mil pessoas.<\/span><\/p>\n<p><\/p>\n","protected":false},"excerpt":{"rendered":"<p>Grupo viajou at&eacute; Cascavel para conhecer novas tecnologias e as novidades do setor<\/p>\n","protected":false},"author":4,"featured_media":0,"comment_status":"closed","ping_status":"closed","sticky":false,"template":"","format":"standard","meta":{"footnotes":""},"categories":[24],"tags":[],"class_list":["post-2550","post","type-post","status-publish","format-standard","hentry","category-noticias"],"acf":[],"_links":{"self":[{"href":"http:\/\/www.apucarana.pr.gov.br\/site\/wp-json\/wp\/v2\/posts\/2550","targetHints":{"allow":["GET"]}}],"collection":[{"href":"http:\/\/www.apucarana.pr.gov.br\/site\/wp-json\/wp\/v2\/posts"}],"about":[{"href":"http:\/\/www.apucarana.pr.gov.br\/site\/wp-json\/wp\/v2\/types\/post"}],"author":[{"embeddable":true,"href":"http:\/\/www.apucarana.pr.gov.br\/site\/wp-json\/wp\/v2\/users\/4"}],"replies":[{"embeddable":true,"href":"http:\/\/www.apucarana.pr.gov.br\/site\/wp-json\/wp\/v2\/comments?post=2550"}],"version-history":[{"count":1,"href":"http:\/\/www.apucarana.pr.gov.br\/site\/wp-json\/wp\/v2\/posts\/2550\/revisions"}],"predecessor-version":[{"id":104329,"href":"http:\/\/www.apucarana.pr.gov.br\/site\/wp-json\/wp\/v2\/posts\/2550\/revisions\/104329"}],"wp:attachment":[{"href":"http:\/\/www.apucarana.pr.gov.br\/site\/wp-json\/wp\/v2\/media?parent=2550"}],"wp:term":[{"taxonomy":"category","embeddable":true,"href":"http:\/\/www.apucarana.pr.gov.br\/site\/wp-json\/wp\/v2\/categories?post=2550"},{"taxonomy":"post_tag","embeddable":true,"href":"http:\/\/www.apucarana.pr.gov.br\/site\/wp-json\/wp\/v2\/tags?post=2550"}],"curies":[{"name":"wp","href":"https:\/\/api.w.org\/{rel}","templated":true}]}}