{"id":2549,"date":"2015-02-04T17:30:00","date_gmt":"2015-02-04T17:30:00","guid":{"rendered":"http:\/\/172.16.0.7\/site-antigo\/?p=2549"},"modified":"2024-10-08T09:10:23","modified_gmt":"2024-10-08T12:10:23","slug":"semana-pedagogica-abrange-zeladores-e-secretarios-das-escolas","status":"publish","type":"post","link":"http:\/\/www.apucarana.pr.gov.br\/site\/semana-pedagogica-abrange-zeladores-e-secretarios-das-escolas\/","title":{"rendered":"Semana Pedag\u00f3gica abrange zeladores e secret\u00e1rios das escolas"},"content":{"rendered":"<p><p><span style=\"letter-spacing: -0.02em; line-height: 1.45em; background-color: initial;\">Como parte da Semana Pedag\u00f3gica da rede municipal de ensino, nesta quarta-feira (04\/02), passaram por forma\u00e7\u00e3o continuada os auxiliares de servi\u00e7os gerais e os secret\u00e1rios das 37 escolas e 23 centros de educa\u00e7\u00e3o infantil apucaranenses.<\/span><\/p>\n<p>Aos auxiliares de servi\u00e7os gerais, a Autarquia Municipal de Educa\u00e7\u00e3o (AME) proporcionou, no per\u00edodo da manh\u00e3, no Polo da Universidade Aberta do Brasil (UAB), palestra com o t\u00e9cnico em vigil&acirc;ncia sanit\u00e1ria e especialista em manipula\u00e7\u00e3o de alimentos, M\u00e1rio Augusto Vieira dos Santos.<\/p>\n<p>Os principais temas trabalhados por ele com os mais de 140 participantes foram a higieniza\u00e7\u00e3o ambiental, a higieniza\u00e7\u00e3o de equipamentos e utens\u00edlios, o trabalho em equipe e a responsabilidade profissional do auxiliar de servi\u00e7os gerais.<\/p>\n<p>J\u00e1 os secret\u00e1rios escolares refletiram, durante toda a tarde, sobre as atribui\u00e7\u00f5es pertinentes \u00e0 sua fun\u00e7\u00e3o, que v\u00e3o desde o auxilio aos gestores das unidades de ensino, o atendimento ao p\u00fablico e a documenta\u00e7\u00e3o escolar. O curso foi conduzido pela coordenadora acad\u00eamica da Faculdade do Norte Novo de Apucarana (Facnopar), professora Maria de Lourdes Bragueto.<\/p>\n<p>&ldquo;Os secret\u00e1rios e os auxiliares de servi\u00e7os gerais s\u00e3o dois profissionais essenciais no dia a dia escolar e que n\u00e3o poderiam, de forma alguma, ficar \u00e0 parte da nossa Semana Pedag\u00f3gica. Organizamos essa forma\u00e7\u00e3o continuada para que tamb\u00e9m eles possam reavivar e atualizar seus conhecimentos&rdquo;, disse a diretora-presidente da AME, professora Marli Fernandes, acrescentando que as merendeiras e as auxiliares de cozinha da rede municipal j\u00e1 passaram por workshop semelhante na \u00faltima segunda-feira.<\/p>\n<p>Ainda, os professores da educa\u00e7\u00e3o infantil e dos anos iniciais do ensino fundamental seguem reunidos at\u00e9 a pr\u00f3xima sexta-feira (06\/02) em nove n\u00facleos de estudos, planejando o ano letivo de 2015 e debatendo textos que possuem como objeto a Educa\u00e7\u00e3o Integral, o Projeto Pol\u00edtico Pedag\u00f3gico, a Gest\u00e3o Democr\u00e1tica Participativa, o Plano de A\u00e7\u00e3o das Escolas, a Pedagogia Hist\u00f3rico-Cr\u00edtica e o Plano Municipal de Educa\u00e7\u00e3o. <\/p>\n<p><\/p>\n","protected":false},"excerpt":{"rendered":"<p>Professores da educa&ccedil;&atilde;o infantil e dos anos iniciais do ensino fundamental seguem reunidos at&eacute; a pr&oacute;xima sexta-feira <\/p>\n","protected":false},"author":4,"featured_media":0,"comment_status":"closed","ping_status":"closed","sticky":false,"template":"","format":"standard","meta":{"footnotes":""},"categories":[24],"tags":[],"class_list":["post-2549","post","type-post","status-publish","format-standard","hentry","category-noticias"],"acf":[],"_links":{"self":[{"href":"http:\/\/www.apucarana.pr.gov.br\/site\/wp-json\/wp\/v2\/posts\/2549","targetHints":{"allow":["GET"]}}],"collection":[{"href":"http:\/\/www.apucarana.pr.gov.br\/site\/wp-json\/wp\/v2\/posts"}],"about":[{"href":"http:\/\/www.apucarana.pr.gov.br\/site\/wp-json\/wp\/v2\/types\/post"}],"author":[{"embeddable":true,"href":"http:\/\/www.apucarana.pr.gov.br\/site\/wp-json\/wp\/v2\/users\/4"}],"replies":[{"embeddable":true,"href":"http:\/\/www.apucarana.pr.gov.br\/site\/wp-json\/wp\/v2\/comments?post=2549"}],"version-history":[{"count":1,"href":"http:\/\/www.apucarana.pr.gov.br\/site\/wp-json\/wp\/v2\/posts\/2549\/revisions"}],"predecessor-version":[{"id":104330,"href":"http:\/\/www.apucarana.pr.gov.br\/site\/wp-json\/wp\/v2\/posts\/2549\/revisions\/104330"}],"wp:attachment":[{"href":"http:\/\/www.apucarana.pr.gov.br\/site\/wp-json\/wp\/v2\/media?parent=2549"}],"wp:term":[{"taxonomy":"category","embeddable":true,"href":"http:\/\/www.apucarana.pr.gov.br\/site\/wp-json\/wp\/v2\/categories?post=2549"},{"taxonomy":"post_tag","embeddable":true,"href":"http:\/\/www.apucarana.pr.gov.br\/site\/wp-json\/wp\/v2\/tags?post=2549"}],"curies":[{"name":"wp","href":"https:\/\/api.w.org\/{rel}","templated":true}]}}