{"id":2548,"date":"2015-02-04T16:52:59","date_gmt":"2015-02-04T16:52:59","guid":{"rendered":"http:\/\/172.16.0.7\/site-antigo\/?p=2548"},"modified":"2024-10-08T09:10:23","modified_gmt":"2024-10-08T12:10:23","slug":"apucarana-estuda-novo-local-para-feira-do-cafe","status":"publish","type":"post","link":"http:\/\/www.apucarana.pr.gov.br\/site\/apucarana-estuda-novo-local-para-feira-do-cafe\/","title":{"rendered":"Apucarana estuda novo local para Feira do Caf\u00e9"},"content":{"rendered":"<p><p><span style=\"letter-spacing: -0.02em; line-height: 1.45em; background-color: initial;\">A 11\u00aa Feira do Caf\u00e9 (Feicaf\u00e9), prevista para os dias 18, 19 e 20 de setembro no Distrito de Pirap\u00f3, poder\u00e1 ser realizada junto \u00e0s instala\u00e7\u00f5es do Museu Hist\u00f3rico do Caf\u00e9. Desde a primeira edi\u00e7\u00e3o, o evento que \u00e9 um misto de festa aberta ao p\u00fablico geral e encontro t\u00e9cnico, acontece na pra\u00e7a que abriga o gin\u00e1sio de esportes Gerson Ferreira Chagas (Caveir\u00e3o), e segundo os organizadores, j\u00e1 estaria pequena diante do crescimento do evento anual.<br \/><\/span><span style=\"letter-spacing: -0.02em; line-height: 1.45em; background-color: initial;\"><br \/>A reivindica\u00e7\u00e3o foi apresentada pela Associa\u00e7\u00e3o dos Cafeicultores do distrito nesta quarta-feira (04\/02) ao prefeito Beto Preto (PT), durante reuni\u00e3o realizada no gabinete municipal. De acordo com a Secret\u00e1ria da Promo\u00e7\u00e3o Art\u00edstica, Cultural e Tur\u00edstica, professora Maria Agar Borba Ferreira, o grupo apresentou o pedido ap\u00f3s a prefeitura reiterar continuidade do apoio para a iniciativa. <\/p>\n<p>&ldquo;O prefeito enalteceu a import&acirc;ncia da Feicaf\u00e9, lembrando que <\/span><span style=\"letter-spacing: -0.02em; line-height: 1.45em; background-color: initial;\">j\u00e1 \u00e9 uma marca de Apucarana, a qual temos que valorizar cada vez mais e determinou que os t\u00e9cnicos municipais iniciem estudo para ver a viabilidade da feira ser realizada j\u00e1 neste ano no local proposto&rdquo;, relatou Maria Agar. De acordo com ela, uma das principais preocupa\u00e7\u00f5es da administra\u00e7\u00e3o municipal est\u00e1 com a proximidade da linha f\u00e9rrea. &ldquo;Assim que o estudo for conclu\u00eddo certamente haver\u00e1 uma nova reuni\u00e3o para apresenta\u00e7\u00e3o do resultado, e an\u00fancio oficial se haver\u00e1 ou n\u00e3o altera\u00e7\u00e3o do local, que independente disto certamente ser\u00e1 este ano ainda melhor&rdquo;, declarou a secret\u00e1ria.<br \/><\/span><span style=\"letter-spacing: -0.02em; line-height: 1.45em; background-color: initial;\"><br \/>Al\u00e9m da Feicaf\u00e9, tamb\u00e9m estiveram na pauta da reuni\u00e3o, reivindica\u00e7\u00f5es gerais de servi\u00e7os p\u00fablicos relacionados ao distrito.<\/span><\/p><\/p>\n","protected":false},"excerpt":{"rendered":"<p>A reivindica&ccedil;&atilde;o foi apresentada pela Associa&ccedil;&atilde;o dos Cafeicultores do distrito ao prefeito Beto Preto (PT), durante reuni&atilde;o realizada no gabinete municipal<\/p>\n","protected":false},"author":4,"featured_media":0,"comment_status":"closed","ping_status":"closed","sticky":false,"template":"","format":"standard","meta":{"footnotes":""},"categories":[24],"tags":[],"class_list":["post-2548","post","type-post","status-publish","format-standard","hentry","category-noticias"],"acf":[],"_links":{"self":[{"href":"http:\/\/www.apucarana.pr.gov.br\/site\/wp-json\/wp\/v2\/posts\/2548","targetHints":{"allow":["GET"]}}],"collection":[{"href":"http:\/\/www.apucarana.pr.gov.br\/site\/wp-json\/wp\/v2\/posts"}],"about":[{"href":"http:\/\/www.apucarana.pr.gov.br\/site\/wp-json\/wp\/v2\/types\/post"}],"author":[{"embeddable":true,"href":"http:\/\/www.apucarana.pr.gov.br\/site\/wp-json\/wp\/v2\/users\/4"}],"replies":[{"embeddable":true,"href":"http:\/\/www.apucarana.pr.gov.br\/site\/wp-json\/wp\/v2\/comments?post=2548"}],"version-history":[{"count":1,"href":"http:\/\/www.apucarana.pr.gov.br\/site\/wp-json\/wp\/v2\/posts\/2548\/revisions"}],"predecessor-version":[{"id":104331,"href":"http:\/\/www.apucarana.pr.gov.br\/site\/wp-json\/wp\/v2\/posts\/2548\/revisions\/104331"}],"wp:attachment":[{"href":"http:\/\/www.apucarana.pr.gov.br\/site\/wp-json\/wp\/v2\/media?parent=2548"}],"wp:term":[{"taxonomy":"category","embeddable":true,"href":"http:\/\/www.apucarana.pr.gov.br\/site\/wp-json\/wp\/v2\/categories?post=2548"},{"taxonomy":"post_tag","embeddable":true,"href":"http:\/\/www.apucarana.pr.gov.br\/site\/wp-json\/wp\/v2\/tags?post=2548"}],"curies":[{"name":"wp","href":"https:\/\/api.w.org\/{rel}","templated":true}]}}