{"id":2546,"date":"2015-02-04T15:08:00","date_gmt":"2015-02-04T15:08:00","guid":{"rendered":"http:\/\/172.16.0.7\/site-antigo\/?p=2546"},"modified":"2024-10-08T09:10:23","modified_gmt":"2024-10-08T12:10:23","slug":"empreendedores-solidarios-terao-apoio-do-sebrae-em-apucarana","status":"publish","type":"post","link":"http:\/\/www.apucarana.pr.gov.br\/site\/empreendedores-solidarios-terao-apoio-do-sebrae-em-apucarana\/","title":{"rendered":"Empreendedores solid\u00e1rios ter\u00e3o apoio do Sebrae em Apucarana"},"content":{"rendered":"<\/p>\n<p><span style=\"letter-spacing: -0.02em; line-height: 1.45em; background-color: initial;\">As cerca de <\/span><span style=\"letter-spacing: -0.02em; line-height: 1.45em; background-color: initial;\">80 mulheres que atualmente fazem parte do Projeto de Economia Solid\u00e1ria e Protagonismo Feminino, desenvolvido pela Secretaria Municipal da Mulher e Assuntos da Fam\u00edlia, participaram nesta quarta-feira (04\/02), no sal\u00e3o nobre da Prefeitura de Apucarana, de um encontro de capacita\u00e7\u00e3o promovido pelo Servi\u00e7o Brasileiro de Apoio \u00e0s Micro e Pequenas Empresas (Sebrae), no Paran\u00e1, que a partir de agora vai prestar consultoria gratuita \u00e0 iniciativa.<br \/><\/span><span style=\"letter-spacing: -0.02em; line-height: 1.45em; background-color: initial;\"><br \/>Segundo a secret\u00e1ria municipal da Mulher e Assuntos da Fam\u00edlia, Denise Canesin Mois\u00e9s Machado, que no ato representou o prefeito Beto Preto (PT), o momento <\/span><span style=\"letter-spacing: -0.02em; line-height: 1.45em; background-color: initial;\">fez parte do ciclo de palestras Caf\u00e9 e Neg\u00f3cio do Sebrae, que leva informa\u00e7\u00f5es sobre o Microempreendedor Individual (MEI) e a Lei Geral das Micro e Pequenas Empresas, e est\u00e1 dentro da pol\u00edtica municipal de incentivo \u00e0 formaliza\u00e7\u00e3o dos empreendimentos solid\u00e1rios. &ldquo;Na nossa secretaria trabalhamos forte dois eixos priorit\u00e1rios: enfrentamento da viol\u00eancia contra a mulher e a abertura de oportunidades que levem \u00e0 autonomia financeira e empoderamento. E neste segundo quesito temos agora um grande parceiro, que \u00e9 o Sebrae, junto ao Projeto de Economia Solid\u00e1ria, que neste primeiro momento vai orientar sobre o passo a passo e as vantagens da formaliza\u00e7\u00e3o do neg\u00f3cio&rdquo;, salientou Denise. <\/p>\n<p>Ela frisa que est\u00e1 comprovado estatisticamente que ainda hoje \u00e9 grande o n\u00famero de mulheres que dizem se sujeitar \u00e0 viol\u00eancia, seja ela f\u00edsica ou moral, por serem dependentes economicamente do companheiro (agressor). &ldquo;N\u00e3o ter uma fonte de renda \u00e9 uma das principais causas que levam as mulheres a permanecer em ambiente de opress\u00e3o. Da\u00ed a import&acirc;ncia de fortalecermos ainda mais iniciativas de economia solid\u00e1ria e empoderamento da mulher&rdquo;, concluiu a secret\u00e1ria.<br \/><\/span><span style=\"letter-spacing: -0.02em; line-height: 1.45em; background-color: initial;\"><br \/>Dentre os principais benef\u00edcios da formaliza\u00e7\u00e3o est\u00e3o quest\u00f5es ligadas \u00e0 aposentadoria, coloca\u00e7\u00e3o de produtos em lojas, participa\u00e7\u00e3o em licita\u00e7\u00f5es e compra coletiva de mat\u00e9ria-prima. De acordo com a prefeitura, os empreendimentos solid\u00e1rios em andamento em Apucarana envolvem a produ\u00e7\u00e3o de p\u00e3es, roscas e bolachas, artesanato, produtos de higiene e limpeza, bombons, bonecas, confec\u00e7\u00e3o, tric&ocirc; e croch\u00ea, bolsas, chinelos, orqu\u00eddeas, entre outros itens.<br \/><\/span><span style=\"letter-spacing: -0.02em; line-height: 1.45em; background-color: initial;\"><br \/>Na vis\u00e3o de Terezinha Elizabete Berton Pereira (Bete Berton), supervisora do Programa de Economia Solid\u00e1ria e Protagonismo Feminino, a parceria com o Sebrae marca uma nova fase na iniciativa municipal. &ldquo;O que at\u00e9 ent\u00e3o era apenas um embri\u00e3o, com toda a for\u00e7a do mundo est\u00e1 saindo do sonho e colocando um p\u00e9 na realidade. E todas aqui s\u00e3o merecedoras desta evolu\u00e7\u00e3o, pois s\u00e3o mulheres talentosas, com uma garra grande de crescer, evoluir e vencer&rdquo;, considerou Bete. A curto prazo, a meta da administra\u00e7\u00e3o municipal \u00e9 aumentar o n\u00famero de empreendedoras solid\u00e1rias, passando dos atuais 80 para mais de 300 at\u00e9 2016. Al\u00e9m de orienta\u00e7\u00f5es para formaliza\u00e7\u00e3o do neg\u00f3cio, na parceria o Sebrae vai oferecer consultoria para gest\u00e3o do empreendimento e acesso a mercados.<br \/><\/span><span style=\"letter-spacing: -0.02em; line-height: 1.45em; background-color: initial;\"><br \/>O Projeto de Economia Solid\u00e1ria est\u00e1 em expans\u00e3o em Apucarana e aberto para a participa\u00e7\u00e3o de mais mulheres. &ldquo;Esta \u00e9 uma a\u00e7\u00e3o que vem dando muitos resultados positivos, transformando positivamente a vida de muitas mulheres. No empreendimento de gastronomia, temos mulheres que j\u00e1 est\u00e3o servindo buffets e fornecendo produtos em padaria. Neste m\u00eas, vamos fazer mais uma capacita\u00e7\u00e3o, dando oportunidades como essas para mais 25 mulheres&rdquo;, anuncia a secret\u00e1ria Denise. Mais informa\u00e7\u00f5es pelo telefone 3426-9153.<\/span><\/p><\/p>\n","protected":false},"excerpt":{"rendered":"<p>Al&eacute;m de orienta&ccedil;&otilde;es para formaliza&ccedil;&atilde;o do neg&oacute;cio, na parceria o Sebrae vai oferecer consultoria para gest&atilde;o do empreendimento e acesso a mercados<\/p>\n","protected":false},"author":4,"featured_media":0,"comment_status":"closed","ping_status":"closed","sticky":false,"template":"","format":"standard","meta":{"footnotes":""},"categories":[24],"tags":[],"class_list":["post-2546","post","type-post","status-publish","format-standard","hentry","category-noticias"],"acf":[],"_links":{"self":[{"href":"http:\/\/www.apucarana.pr.gov.br\/site\/wp-json\/wp\/v2\/posts\/2546","targetHints":{"allow":["GET"]}}],"collection":[{"href":"http:\/\/www.apucarana.pr.gov.br\/site\/wp-json\/wp\/v2\/posts"}],"about":[{"href":"http:\/\/www.apucarana.pr.gov.br\/site\/wp-json\/wp\/v2\/types\/post"}],"author":[{"embeddable":true,"href":"http:\/\/www.apucarana.pr.gov.br\/site\/wp-json\/wp\/v2\/users\/4"}],"replies":[{"embeddable":true,"href":"http:\/\/www.apucarana.pr.gov.br\/site\/wp-json\/wp\/v2\/comments?post=2546"}],"version-history":[{"count":1,"href":"http:\/\/www.apucarana.pr.gov.br\/site\/wp-json\/wp\/v2\/posts\/2546\/revisions"}],"predecessor-version":[{"id":104333,"href":"http:\/\/www.apucarana.pr.gov.br\/site\/wp-json\/wp\/v2\/posts\/2546\/revisions\/104333"}],"wp:attachment":[{"href":"http:\/\/www.apucarana.pr.gov.br\/site\/wp-json\/wp\/v2\/media?parent=2546"}],"wp:term":[{"taxonomy":"category","embeddable":true,"href":"http:\/\/www.apucarana.pr.gov.br\/site\/wp-json\/wp\/v2\/categories?post=2546"},{"taxonomy":"post_tag","embeddable":true,"href":"http:\/\/www.apucarana.pr.gov.br\/site\/wp-json\/wp\/v2\/tags?post=2546"}],"curies":[{"name":"wp","href":"https:\/\/api.w.org\/{rel}","templated":true}]}}