{"id":2545,"date":"2015-02-04T12:51:59","date_gmt":"2015-02-04T12:51:59","guid":{"rendered":"http:\/\/172.16.0.7\/site-antigo\/?p=2545"},"modified":"2024-10-08T09:10:23","modified_gmt":"2024-10-08T12:10:23","slug":"hospital-da-providencia-tera-novas-especialidades-em-residencia-medica","status":"publish","type":"post","link":"http:\/\/www.apucarana.pr.gov.br\/site\/hospital-da-providencia-tera-novas-especialidades-em-residencia-medica\/","title":{"rendered":"Hospital da Provid\u00eancia ter\u00e1 novas especialidades em resid\u00eancia m\u00e9dica"},"content":{"rendered":"<p><p>Este ano o Hospital da Provid\u00eancia de Apucarana completar\u00e1 a grade de especialidades autorizadas pelo Minist\u00e9rio da Educa\u00e7\u00e3o para o programa de resid\u00eancia m\u00e9dica com a implanta\u00e7\u00e3o dos novos cursos de Pediatria e Cirurgia Geral. O programa, que teve in\u00edcio em 2014 com o apoio da prefeitura e Autarquia Municipal de Sa\u00fade de Apucarana, ainda tem vagas para as especialidades de Medicina da Fam\u00edlia e Comunidade e Cl\u00ednica M\u00e9dica, que atualmente \u00e9 o \u00fanico curso em vigor, com as tr\u00eas vagas autorizadas preenchidas.<\/p>\n<p>A partir de mar\u00e7o, ap\u00f3s processo seletivo que consiste em exame te\u00f3rico escrito e an\u00e1lise de curr\u00edculo dos candidatos, novas turmas ser\u00e3o formadas e passar\u00e3o a fazer parte da equipe de atendimento do Hospital da Provid\u00eancia e Hospital da Provid\u00eancia Materno Infantil para aprendizado pr\u00e1tico. Os residentes ainda passam por atividades e disciplinas te\u00f3ricas ministradas por preceptores, que s\u00e3o m\u00e9dicos orientadores.<\/p>\n<p>A m\u00e9dica residente Raquel Prado conta que para sua carreira, a resid\u00eancia \u00e9 um diferencial, uma vez que ela planeja futuramente cursar a subespecialidade de Terapia Intensiva, que tem como pr\u00e9-requisito a forma\u00e7\u00e3o em Cl\u00ednica M\u00e9dica. &ldquo;A experi\u00eancia de estar em diversos setores de um hospital traz conhecimento em diversas \u00e1reas da cl\u00ednica m\u00e9dica, como cardiologia, hematologia, nefrologia, entre outras. Por isso abre portas para outros cursos de forma\u00e7\u00e3o&rdquo;, ressalta.<\/p>\n<p>Ela ainda comenta que devido ao hospital ser refer\u00eancia em urg\u00eancia e emerg\u00eancia e ter grande demanda, o aprendizado \u00e9 constante. &ldquo;Noventa e nove porcento da resid\u00eancia \u00e9 pr\u00e1tica, mas a an\u00e1lise, discuss\u00e3o e produ\u00e7\u00e3o de artigos tamb\u00e9m \u00e9 fundamental&rdquo;, afirma.<\/p>\n<p>As inscri\u00e7\u00f5es ocorrem a partir do dia 11 de fevereiro pelo site<a href=\"http:\/\/www.hospitaldaprovidencia.org.br\/\"><span>www.hospitaldaprovidencia.org.br<\/span><\/a>. E os documentos solicitados para a participa\u00e7\u00e3o na sele\u00e7\u00e3o devem ser encaminhados pelos candidatos ao setor de projetos, pessoalmente ou via SEDEX, at\u00e9 o dia 16 de fevereiro. Os documentos necess\u00e1rios para a inscri\u00e7\u00e3o s\u00e3o: fotoc\u00f3pia do diploma m\u00e9dico ou declara\u00e7\u00e3o de conclus\u00e3o de curso, fotoc\u00f3pia da carteira de identidade, CPF e 2 fotos 3X4 recentes. A taxa de inscri\u00e7\u00e3o \u00e9 R$210,00 (duzentos e dez reais).<\/p>\n<p><\/p>\n","protected":false},"excerpt":{"rendered":"<p>Grade ser&aacute; completada neste ano com a implanta&ccedil;&atilde;o de novos cursos de Pediatria e Cirurgia Geral<\/p>\n","protected":false},"author":4,"featured_media":0,"comment_status":"closed","ping_status":"closed","sticky":false,"template":"","format":"standard","meta":{"footnotes":""},"categories":[24],"tags":[],"class_list":["post-2545","post","type-post","status-publish","format-standard","hentry","category-noticias"],"acf":[],"_links":{"self":[{"href":"http:\/\/www.apucarana.pr.gov.br\/site\/wp-json\/wp\/v2\/posts\/2545","targetHints":{"allow":["GET"]}}],"collection":[{"href":"http:\/\/www.apucarana.pr.gov.br\/site\/wp-json\/wp\/v2\/posts"}],"about":[{"href":"http:\/\/www.apucarana.pr.gov.br\/site\/wp-json\/wp\/v2\/types\/post"}],"author":[{"embeddable":true,"href":"http:\/\/www.apucarana.pr.gov.br\/site\/wp-json\/wp\/v2\/users\/4"}],"replies":[{"embeddable":true,"href":"http:\/\/www.apucarana.pr.gov.br\/site\/wp-json\/wp\/v2\/comments?post=2545"}],"version-history":[{"count":1,"href":"http:\/\/www.apucarana.pr.gov.br\/site\/wp-json\/wp\/v2\/posts\/2545\/revisions"}],"predecessor-version":[{"id":104334,"href":"http:\/\/www.apucarana.pr.gov.br\/site\/wp-json\/wp\/v2\/posts\/2545\/revisions\/104334"}],"wp:attachment":[{"href":"http:\/\/www.apucarana.pr.gov.br\/site\/wp-json\/wp\/v2\/media?parent=2545"}],"wp:term":[{"taxonomy":"category","embeddable":true,"href":"http:\/\/www.apucarana.pr.gov.br\/site\/wp-json\/wp\/v2\/categories?post=2545"},{"taxonomy":"post_tag","embeddable":true,"href":"http:\/\/www.apucarana.pr.gov.br\/site\/wp-json\/wp\/v2\/tags?post=2545"}],"curies":[{"name":"wp","href":"https:\/\/api.w.org\/{rel}","templated":true}]}}