{"id":2544,"date":"2015-02-04T12:36:59","date_gmt":"2015-02-04T12:36:59","guid":{"rendered":"http:\/\/172.16.0.7\/site-antigo\/?p=2544"},"modified":"2024-10-08T09:10:23","modified_gmt":"2024-10-08T12:10:23","slug":"prefeito-beto-preto-discute-projetos-com-dirigentes-da-cef","status":"publish","type":"post","link":"http:\/\/www.apucarana.pr.gov.br\/site\/prefeito-beto-preto-discute-projetos-com-dirigentes-da-cef\/","title":{"rendered":"Prefeito Beto Preto discute projetos com dirigentes da CEF"},"content":{"rendered":"<p><p>Dirigentes da Caixa econ&ocirc;mica Federal se reuniram na manh\u00e3 de hoje (4) com o prefeito Beto Preto. Na pauta do encontro, novos projetos que t\u00eam o banco como agente financeiro. Participaram da audi\u00eancia, no gabinete municipal, o gerente regional da CEF, &Eacute;lcio de Lara; Paulo Van\u00e7an, gerente da ag\u00eancia central de Apucarana; e Ant&ocirc;nio Mimuko, gerente de atendimento; al\u00e9m do secret\u00e1rio de obras, engenheiro Herivelto Moreno.<\/p>\n<p>&ldquo;A Caixa Econ&ocirc;mica Federal tem sido a nossa principal parceira na \u00e1rea de habita\u00e7\u00e3o, com o Programa Minha Casa Minha Vida, e agora tamb\u00e9m avalia o projeto do Centro de Inicia\u00e7\u00e3o Esportiva, o CIE, cujas obras come\u00e7am em breve no Parque Japira, na regi\u00e3o do Jardim Am\u00e9rica e Trabalhista&rdquo;, informa Beto Preto.<\/p>\n<p>Segundo ele, a obra or\u00e7ada em R$3,5 milh\u00f5es &ndash; recursos que ser\u00e3o repassados a fundo perdido -, viabilizar\u00e1 a constru\u00e7\u00e3o de um moderno centro esportivo, em \u00e1rea de 7 mil metros quadrados. Com a importante articula\u00e7\u00e3o pol\u00edtica em Bras\u00edlia, Apucarana est\u00e1 sendo contemplada com o &ldquo;Modelo III&rdquo;, o maior oferecido pelo Governo Federal dentro deste programa.<\/p>\n<p>O CIE ter\u00e1 \u00e1rea constru\u00edda de 3.750 metros quadrados e inclui um gin\u00e1sio poliesportivo com arquibancada para cerca de duzentas pessoas, e \u00e1rea de apoio para administra\u00e7\u00e3o, sala de professores e t\u00e9cnicos, vesti\u00e1rios, enfermaria, copa, dep\u00f3sito, academia e sanit\u00e1rio p\u00fablico. O modelo inclui ainda uma pista de atletismo, \u00e1reas para arremesso de peso e salto em altura e dist&acirc;ncia, todosde acordo com o padr\u00e3o oficial estabelecido pela Confedera\u00e7\u00e3o Brasileira de Atletismo.<\/p>\n<p>&ldquo;O CIE \u00e9 um dos maiores projetos de legado dos Jogos Ol\u00edmpicos e dos Jogos Paraol\u00edmpicos de 2016, que ir\u00e3o acontecer no Rio de Janeiro, mas os benef\u00edcios ser\u00e3o para todo o Brasil&rdquo;, avalia o prefeito.<\/p>\n<p><b>ASFALTO<\/b>&ndash; Outro projeto discutido pelo prefeito com a c\u00fapula regional da CEF, foi a libera\u00e7\u00e3o de R$ 5 milh\u00f5es para Apucarana, referente ao Programa de Acelera\u00e7\u00e3o do Crescimento 2 (Fase 3 &ndash; pavimento asf\u00e1ltico). Os recursos ser\u00e3o destinados \u00e0 pavimenta\u00e7\u00e3o de ruas do Santos Dumont (I, II e III) e do Jardim Avia\u00e7\u00e3o.<\/p>\n<p>Ainda na reuni\u00e3o, Beto Preto fez quest\u00e3o de agradecer &Eacute;lcio de Lara, pelo &ldquo;patroc\u00ednio m\u00e1ster&rdquo; garantido pela Caixa Econ&ocirc;mica Federal na realiza\u00e7\u00e3o da 53\u00aa edi\u00e7\u00e3o da Prova Pedestre &ldquo;28 de Janeiro&rdquo;. &ldquo;Com o apoio da CEF quebramos mais uma vez o recorde de inscritos da corrida, que alcan\u00e7ou pleno \u00eaxito&rdquo;, destaca o prefeito.<\/p>\n<p><\/p>\n","protected":false},"excerpt":{"rendered":"<p>Na pauta do encontro, est&atilde;o a constru&ccedil;&atilde;o do Centro de Inicia&ccedil;&atilde;o Esportiva e a libera&ccedil;&atilde;o de recursos para pavimenta&ccedil;&atilde;o<\/p>\n","protected":false},"author":4,"featured_media":0,"comment_status":"closed","ping_status":"closed","sticky":false,"template":"","format":"standard","meta":{"footnotes":""},"categories":[24],"tags":[],"class_list":["post-2544","post","type-post","status-publish","format-standard","hentry","category-noticias"],"acf":[],"_links":{"self":[{"href":"http:\/\/www.apucarana.pr.gov.br\/site\/wp-json\/wp\/v2\/posts\/2544","targetHints":{"allow":["GET"]}}],"collection":[{"href":"http:\/\/www.apucarana.pr.gov.br\/site\/wp-json\/wp\/v2\/posts"}],"about":[{"href":"http:\/\/www.apucarana.pr.gov.br\/site\/wp-json\/wp\/v2\/types\/post"}],"author":[{"embeddable":true,"href":"http:\/\/www.apucarana.pr.gov.br\/site\/wp-json\/wp\/v2\/users\/4"}],"replies":[{"embeddable":true,"href":"http:\/\/www.apucarana.pr.gov.br\/site\/wp-json\/wp\/v2\/comments?post=2544"}],"version-history":[{"count":1,"href":"http:\/\/www.apucarana.pr.gov.br\/site\/wp-json\/wp\/v2\/posts\/2544\/revisions"}],"predecessor-version":[{"id":104335,"href":"http:\/\/www.apucarana.pr.gov.br\/site\/wp-json\/wp\/v2\/posts\/2544\/revisions\/104335"}],"wp:attachment":[{"href":"http:\/\/www.apucarana.pr.gov.br\/site\/wp-json\/wp\/v2\/media?parent=2544"}],"wp:term":[{"taxonomy":"category","embeddable":true,"href":"http:\/\/www.apucarana.pr.gov.br\/site\/wp-json\/wp\/v2\/categories?post=2544"},{"taxonomy":"post_tag","embeddable":true,"href":"http:\/\/www.apucarana.pr.gov.br\/site\/wp-json\/wp\/v2\/tags?post=2544"}],"curies":[{"name":"wp","href":"https:\/\/api.w.org\/{rel}","templated":true}]}}