{"id":2543,"date":"2015-02-04T12:18:00","date_gmt":"2015-02-04T12:18:00","guid":{"rendered":"http:\/\/172.16.0.7\/site-antigo\/?p=2543"},"modified":"2024-10-08T09:10:23","modified_gmt":"2024-10-08T12:10:23","slug":"exposicao-retrata-os-71-anos-de-apucarana","status":"publish","type":"post","link":"http:\/\/www.apucarana.pr.gov.br\/site\/exposicao-retrata-os-71-anos-de-apucarana\/","title":{"rendered":"Exposi\u00e7\u00e3o retrata os 71 anos de Apucarana"},"content":{"rendered":"<p><p>A Exposi\u00e7\u00e3o Apucarana em Fotos: Recontando a Hist\u00f3ria dos 71 anos de Apucarana foi aberta ao p\u00fablico nesta quarta-feira (04\/02), no hall de entrada do Cine Teatro F\u00eanix. A iniciativa \u00e9 da Secretaria Municipal de Promo\u00e7\u00e3o Art\u00edstica, Cultural e Tur\u00edstica, que desde agosto do ano passado est\u00e1 recebendo e catalogando o material. Das mais de 2 mil fotos encaminhadas, por pioneiros e institui\u00e7\u00f5es, foram selecionadas 51 para a exposi\u00e7\u00e3o.<\/p>\n<p>O prefeito Beto Preto parabenizou a equipe que trabalhou na capta\u00e7\u00e3o das imagens e na organiza\u00e7\u00e3o da exposi\u00e7\u00e3o, agradecendo a todos que forneceram fotos para o acervo. &ldquo;Recontar a trajet\u00f3ria da cidade atrav\u00e9s de fotos \u00e9 uma forma viva de eternizar e poder divulgar para todas as gera\u00e7\u00f5es a riqueza hist\u00f3rica do munic\u00edpio, valorizando sobretudo a luta e o valor de todos os seus habitantes, desde a chegada dos pioneiros at\u00e9 os dias atuais&rdquo;, ressalta Beto Preto. <\/p>\n<p>De acordo com a professora Maria Agar Borba Ferreira, secret\u00e1ria municipal de Promo\u00e7\u00e3o Art\u00edstica, Cultural e Tur\u00edstica de Apucarana, a exposi\u00e7\u00e3o ficar\u00e1 aberta at\u00e9 o dia 27 de fevereiro, se segunda \u00e0 sexta-feira, no per\u00edodo das 8 \u00e0s 18 horas. &ldquo;&Eacute; um material extremamente valioso e foram selecionadas 51 fotos para esta primeira exposi\u00e7\u00e3o, priorizando o ineditismo. Pretendemos, em breve, disponibilizar as 2 mil imagens para visualiza\u00e7\u00e3o na internet. Al\u00e9m disso, tamb\u00e9m estamos estudando outras formas de utiliza\u00e7\u00e3o do material, com o objetivo de ampliar o acesso ao p\u00fablico&rdquo;, frisa. <\/p>\n<p>Maria Agar afirma que o trabalho de capta\u00e7\u00e3o do material durou cerca de quatro meses, destacando a participa\u00e7\u00e3o das fam\u00edlias de pioneiros, que aderiram ao projeto e cederam imagens do arquivo pessoal. &ldquo;Contamos com a contribui\u00e7\u00e3o da popula\u00e7\u00e3o para reunir o m\u00e1ximo poss\u00edvel de fotos antigas. &Agrave; medida que receb\u00edamos os materiais, \u00edamos digitalizando e devolvendo. Por fim, fizemos uma sele\u00e7\u00e3o e ampliamos as imagens que comp\u00f5em a exposi\u00e7\u00e3o&rdquo;, explica Maria Agar. <\/p>\n<p>Segundo Samara Oscar, diretora municipal de Turismo, cada imagem da exposi\u00e7\u00e3o possui uma breve descri\u00e7\u00e3o, feita a partir do relato dos propriet\u00e1rios ou de pequenas s\u00ednteses escritas atr\u00e1s das fotos. &ldquo;Cada pioneiro ou filho de pioneiro que cedeu as fotos para digitaliza\u00e7\u00e3o assinou um documento autorizando o direito de uso das imagens. Algumas pessoas trouxeram tamb\u00e9m recortes de jornal, revistas, diplomas e livretos&rdquo;, conta Samara, salientando que, al\u00e9m dos pioneiros, algumas institui\u00e7\u00f5es tamb\u00e9m colaboraram fornecendo materiais para o acervo. <\/p>\n<p><\/p>\n","protected":false},"excerpt":{"rendered":"<p>P&uacute;blico pode conferir as imagens no hall de entrada do Cine Teatro F&ecirc;nix, no per&iacute;odo das 8 &agrave;s 18 horas<\/p>\n","protected":false},"author":4,"featured_media":0,"comment_status":"closed","ping_status":"closed","sticky":false,"template":"","format":"standard","meta":{"footnotes":""},"categories":[24],"tags":[],"class_list":["post-2543","post","type-post","status-publish","format-standard","hentry","category-noticias"],"acf":[],"_links":{"self":[{"href":"http:\/\/www.apucarana.pr.gov.br\/site\/wp-json\/wp\/v2\/posts\/2543","targetHints":{"allow":["GET"]}}],"collection":[{"href":"http:\/\/www.apucarana.pr.gov.br\/site\/wp-json\/wp\/v2\/posts"}],"about":[{"href":"http:\/\/www.apucarana.pr.gov.br\/site\/wp-json\/wp\/v2\/types\/post"}],"author":[{"embeddable":true,"href":"http:\/\/www.apucarana.pr.gov.br\/site\/wp-json\/wp\/v2\/users\/4"}],"replies":[{"embeddable":true,"href":"http:\/\/www.apucarana.pr.gov.br\/site\/wp-json\/wp\/v2\/comments?post=2543"}],"version-history":[{"count":1,"href":"http:\/\/www.apucarana.pr.gov.br\/site\/wp-json\/wp\/v2\/posts\/2543\/revisions"}],"predecessor-version":[{"id":104336,"href":"http:\/\/www.apucarana.pr.gov.br\/site\/wp-json\/wp\/v2\/posts\/2543\/revisions\/104336"}],"wp:attachment":[{"href":"http:\/\/www.apucarana.pr.gov.br\/site\/wp-json\/wp\/v2\/media?parent=2543"}],"wp:term":[{"taxonomy":"category","embeddable":true,"href":"http:\/\/www.apucarana.pr.gov.br\/site\/wp-json\/wp\/v2\/categories?post=2543"},{"taxonomy":"post_tag","embeddable":true,"href":"http:\/\/www.apucarana.pr.gov.br\/site\/wp-json\/wp\/v2\/tags?post=2543"}],"curies":[{"name":"wp","href":"https:\/\/api.w.org\/{rel}","templated":true}]}}