{"id":2541,"date":"2015-02-03T15:06:59","date_gmt":"2015-02-03T15:06:59","guid":{"rendered":"http:\/\/172.16.0.7\/site-antigo\/?p=2541"},"modified":"2024-10-08T09:10:23","modified_gmt":"2024-10-08T12:10:23","slug":"municipio-incentiva-formalizacao-de-negocios-da-economia-solidaria","status":"publish","type":"post","link":"http:\/\/www.apucarana.pr.gov.br\/site\/municipio-incentiva-formalizacao-de-negocios-da-economia-solidaria\/","title":{"rendered":"Munic\u00edpio incentiva formaliza\u00e7\u00e3o de neg\u00f3cios da economia solid\u00e1ria"},"content":{"rendered":"<p><span style=\"letter-spacing: -0.02em; line-height: 1.45em; background-color: initial;\">Com o apoio do Sebrae-PR, a Prefeitura de Apucarana vai incentivar a formaliza\u00e7\u00e3o dos empreendimentos solid\u00e1rios, <\/span><span style=\"letter-spacing: -0.02em; line-height: 1.45em; background-color: initial;\">constitu\u00eddos a partir do Projeto de Economia Solid\u00e1ria e Protagonismo Feminino. As 80 mulheres que atualmente fazem parte do programa receber\u00e3o orienta\u00e7\u00f5es sobre o assunto nesta quarta-feira (04\/02), \u00e0s 14 horas, no sal\u00e3o nobre da Prefeitura. O evento, que faz parte do ciclo de palestras Caf\u00e9 e Neg\u00f3cio, levar\u00e1 informa\u00e7\u00f5es sobre o Microempreendedor Individual (MEI) e a Lei Geral das Micro e Pequenas Empresas.<\/span><\/p>\n<p>Detalhes do evento e do projeto de formaliza\u00e7\u00e3o foram discutidos nesta ter\u00e7a-feira pelo prefeito de Apucarana, Beto Preto, em reuni\u00e3o que contou com a presen\u00e7a da secret\u00e1ria municipal da Mulher e Assuntos da Fam\u00edlia, Denise Canesin Machado, de Terezinha Elizabete Berton Pereira (Bete Berton), supervisora do Programa de Economia Solid\u00e1ria e Protagonismo Feminino, e dos consultores do escrit\u00f3rio do Sebrae em Apucarana, Jos\u00e9 Henrique Martins e Beatriz Poletto. <\/p>\n<p>Beto Preto afirma que a meta \u00e9 aumentar o n\u00famero de empreendedoras solid\u00e1rias, passando dos atuais 80 para mais de 300 at\u00e9 2016. &ldquo;A formaliza\u00e7\u00e3o \u00e9 mais um passo. Houve a capacita\u00e7\u00e3o dos grupos, o 1\u00ba Encontro de Economia Solid\u00e1ria, oportunizamos ainda a participa\u00e7\u00e3o em v\u00e1rias feiras locais e recentemente viabilizamos o Espa\u00e7o da Mulher, um local para exposi\u00e7\u00e3o e venda dos produtos. E agora estamos abrindo as portas para mais uma possibilidade e vamos sensibiliz\u00e1-las no tocante \u00e0 formaliza\u00e7\u00e3o do neg\u00f3cio&rdquo;, contextualiza. <\/p>\n<p>Beto Preto afirma que o Munic\u00edpio tamb\u00e9m est\u00e1 estudando, junto com os empreendimentos solid\u00e1rios, alternativas para movimentar o mercado de lembran\u00e7as tur\u00edsticas. &ldquo;A inten\u00e7\u00e3o \u00e9 produzir souvenirs ligados a aspectos hist\u00f3ricos, culturais e econ&ocirc;micos do Munic\u00edpio, buscando atender as pessoas que visitam a nossa cidade e tamb\u00e9m disponibilizando esse tipo de lembran\u00e7as em eventos&rdquo;, cita Beto Preto, salientando que a emancipa\u00e7\u00e3o das mulheres, al\u00e9m da garantia de direitos, tem tamb\u00e9m na independ\u00eancia financeira um fator determinante.<\/p>\n<p>Segundo os consultores do Sebrae, as mulheres ser\u00e3o orientadas sobre a formaliza\u00e7\u00e3o do neg\u00f3cio, gest\u00e3o do empreendimento e acesso a mercados. &ldquo;Al\u00e9m do aspecto social, queremos tamb\u00e9m que elas enxerguem a quest\u00e3o econ&ocirc;mica e de profissionaliza\u00e7\u00e3o&rdquo;, afirma Jos\u00e9 Henrique Martins, citando que entre os benef\u00edcios da formaliza\u00e7\u00e3o est\u00e3o quest\u00f5es ligadas \u00e0 aposentadoria, coloca\u00e7\u00e3o de produtos em lojas, participa\u00e7\u00e3o em licita\u00e7\u00f5es e compra coletiva de mat\u00e9ria-prima.<\/p>\n<p>De acordo com a secret\u00e1ria municipal da Mulher e Assuntos da Fam\u00edlia, Denise Canesin, o Projeto de Economia Solid\u00e1ria est\u00e1 em expans\u00e3o em Apucarana e aberto para a participa\u00e7\u00e3o de mais mulheres. Os empreendimentos solid\u00e1rios em andamento envolvem a produ\u00e7\u00e3o de p\u00e3es, roscas e bolachas, artesanato, produtos de higiene e limpeza, bombons, bonecas, confec\u00e7\u00e3o, tric&ocirc; e croch\u00ea, bolsas, chinelos, orqu\u00eddeas, entre outros. &ldquo;Esta \u00e9 uma a\u00e7\u00e3o que vem dando muitos resultados positivos, transformando positivamente a vida de muitas mulheres. No empreendimento de gastronomia, temos mulheres que j\u00e1 est\u00e3o servindo buffets e fornecendo produtos em padaria. Em fevereiro, vamos fazer mais uma capacita\u00e7\u00e3o, dando oportunidades como essas para mais 25 mulheres&rdquo;, anuncia a secret\u00e1ria.<\/p>\n<p><\/p>\n","protected":false},"excerpt":{"rendered":"<p>As 80 mulheres que participam do Projeto de Economia Solid&aacute;ria e Protagonismo Feminino receber&atilde;o amanh&atilde; informa&ccedil;&otilde;es sobre Microempreendedor Individual (MEI) e a Lei Geral das Micro e Pequenas Empresas<\/p>\n","protected":false},"author":4,"featured_media":0,"comment_status":"closed","ping_status":"closed","sticky":false,"template":"","format":"standard","meta":{"footnotes":""},"categories":[24],"tags":[],"class_list":["post-2541","post","type-post","status-publish","format-standard","hentry","category-noticias"],"acf":[],"_links":{"self":[{"href":"http:\/\/www.apucarana.pr.gov.br\/site\/wp-json\/wp\/v2\/posts\/2541","targetHints":{"allow":["GET"]}}],"collection":[{"href":"http:\/\/www.apucarana.pr.gov.br\/site\/wp-json\/wp\/v2\/posts"}],"about":[{"href":"http:\/\/www.apucarana.pr.gov.br\/site\/wp-json\/wp\/v2\/types\/post"}],"author":[{"embeddable":true,"href":"http:\/\/www.apucarana.pr.gov.br\/site\/wp-json\/wp\/v2\/users\/4"}],"replies":[{"embeddable":true,"href":"http:\/\/www.apucarana.pr.gov.br\/site\/wp-json\/wp\/v2\/comments?post=2541"}],"version-history":[{"count":1,"href":"http:\/\/www.apucarana.pr.gov.br\/site\/wp-json\/wp\/v2\/posts\/2541\/revisions"}],"predecessor-version":[{"id":104338,"href":"http:\/\/www.apucarana.pr.gov.br\/site\/wp-json\/wp\/v2\/posts\/2541\/revisions\/104338"}],"wp:attachment":[{"href":"http:\/\/www.apucarana.pr.gov.br\/site\/wp-json\/wp\/v2\/media?parent=2541"}],"wp:term":[{"taxonomy":"category","embeddable":true,"href":"http:\/\/www.apucarana.pr.gov.br\/site\/wp-json\/wp\/v2\/categories?post=2541"},{"taxonomy":"post_tag","embeddable":true,"href":"http:\/\/www.apucarana.pr.gov.br\/site\/wp-json\/wp\/v2\/tags?post=2541"}],"curies":[{"name":"wp","href":"https:\/\/api.w.org\/{rel}","templated":true}]}}