{"id":2538,"date":"2015-02-02T17:24:00","date_gmt":"2015-02-02T17:24:00","guid":{"rendered":"http:\/\/172.16.0.7\/site-antigo\/?p=2538"},"modified":"2024-10-08T09:10:23","modified_gmt":"2024-10-08T12:10:23","slug":"missa-em-acao-de-gracas-fecha-a-programacao-dos-71-anos","status":"publish","type":"post","link":"http:\/\/www.apucarana.pr.gov.br\/site\/missa-em-acao-de-gracas-fecha-a-programacao-dos-71-anos\/","title":{"rendered":"Missa em a\u00e7\u00e3o de gra\u00e7as fecha  a programa\u00e7\u00e3o dos 71 anos"},"content":{"rendered":"<\/p>\n<p><span style=\"letter-spacing: -0.02em; line-height: 1.45em; background-color: initial;\">A programa\u00e7\u00e3o comemorativa ao 71\u00ba anivers\u00e1rio de emancipa\u00e7\u00e3o pol\u00edtica de Apucarana foi encerrada na noite de domingo, na Catedral Nossa Senhora de Lourdes, com uma missa em a\u00e7\u00e3o de gra\u00e7as.<\/span><\/p>\n<p>Com a igreja lotada e a presen\u00e7a de autoridades do executivo, legislativo, judici\u00e1rio e militares, a celebra\u00e7\u00e3o foi dirigida pelo Monsenhor Roberto Carrara. Servidores p\u00fablicos municipais foram convidados a participar das leituras e do ofert\u00f3rio &ndash; com a exposi\u00e7\u00e3o da Bandeira de Apucarana &#8211; junto com a equipe de liturgia da catedral.<\/p>\n<p>J\u00e1 na sua homilia, Carrara discorreu sobre a miss\u00e3o, os compromissos e a responsabilidade das autoridades, que est\u00e3o engajadas no bem comum da coletividade.<\/p>\n<p>Convidado a se pronunciar ao final da celebra\u00e7\u00e3o, o prefeito Beto Preto enalteceu a recente cria\u00e7\u00e3o da Regi\u00e3o Metropolitana de Apucarana e exaltou o atual est\u00e1gio de desenvolvimento da cidade.<\/p>\n<p>Ele tamb\u00e9m aproveitou o momento para fazer um breve relato das principais realiza\u00e7\u00f5es dos \u00faltimos dois anos e, ao final, saudou a todos os mun\u00edcipes sob aplausos. A missa em a\u00e7\u00e3o de gra\u00e7as foi encerrada com o &ldquo;parab\u00e9ns a voc\u00ea&rdquo;, pelos 71 anos de Apucarana.<\/p>\n<p><\/p>\n","protected":false},"excerpt":{"rendered":"<p>Com a igreja lotada e a presen&ccedil;a de autoridades do executivo, legislativo, judici&aacute;rio e militares, a celebra&ccedil;&atilde;o foi dirigida pelo Monsenhor Roberto Carrara<\/p>\n","protected":false},"author":4,"featured_media":0,"comment_status":"closed","ping_status":"closed","sticky":false,"template":"","format":"standard","meta":{"footnotes":""},"categories":[24],"tags":[],"class_list":["post-2538","post","type-post","status-publish","format-standard","hentry","category-noticias"],"acf":[],"_links":{"self":[{"href":"http:\/\/www.apucarana.pr.gov.br\/site\/wp-json\/wp\/v2\/posts\/2538","targetHints":{"allow":["GET"]}}],"collection":[{"href":"http:\/\/www.apucarana.pr.gov.br\/site\/wp-json\/wp\/v2\/posts"}],"about":[{"href":"http:\/\/www.apucarana.pr.gov.br\/site\/wp-json\/wp\/v2\/types\/post"}],"author":[{"embeddable":true,"href":"http:\/\/www.apucarana.pr.gov.br\/site\/wp-json\/wp\/v2\/users\/4"}],"replies":[{"embeddable":true,"href":"http:\/\/www.apucarana.pr.gov.br\/site\/wp-json\/wp\/v2\/comments?post=2538"}],"version-history":[{"count":1,"href":"http:\/\/www.apucarana.pr.gov.br\/site\/wp-json\/wp\/v2\/posts\/2538\/revisions"}],"predecessor-version":[{"id":104341,"href":"http:\/\/www.apucarana.pr.gov.br\/site\/wp-json\/wp\/v2\/posts\/2538\/revisions\/104341"}],"wp:attachment":[{"href":"http:\/\/www.apucarana.pr.gov.br\/site\/wp-json\/wp\/v2\/media?parent=2538"}],"wp:term":[{"taxonomy":"category","embeddable":true,"href":"http:\/\/www.apucarana.pr.gov.br\/site\/wp-json\/wp\/v2\/categories?post=2538"},{"taxonomy":"post_tag","embeddable":true,"href":"http:\/\/www.apucarana.pr.gov.br\/site\/wp-json\/wp\/v2\/tags?post=2538"}],"curies":[{"name":"wp","href":"https:\/\/api.w.org\/{rel}","templated":true}]}}