{"id":25363,"date":"2019-08-01T16:48:44","date_gmt":"2019-08-01T19:48:44","guid":{"rendered":"http:\/\/172.16.0.7\/site-antigo\/?p=25363"},"modified":"2024-10-08T09:18:59","modified_gmt":"2024-10-08T12:18:59","slug":"prefeitura-oferta-160-vagas-de-cursos-profissionalizantes","status":"publish","type":"post","link":"http:\/\/www.apucarana.pr.gov.br\/site\/prefeitura-oferta-160-vagas-de-cursos-profissionalizantes\/","title":{"rendered":"Prefeitura oferta 160 vagas de cursos profissionalizantes"},"content":{"rendered":"<p>A prefeitura de Apucarana anuncia a oferta de 5 cursos profissionalizantes ministrados pelo Servi\u00e7o Nacional de Aprendizagem Industrial (Senai). As 160 vagas ofertadas s\u00e3o destinadas exclusivamente ao p\u00fablico atendido pelo Programa Bolsa Fam\u00edlia.<br \/>\nOs cursos ofertados gratuitamente pelo munic\u00edpio, atrav\u00e9s da Secretaria de Assist\u00eancia Social, s\u00e3o de Costura Industrial, Montador de M\u00f3veis, mec\u00e2nico de m\u00e1quina de costura, pregador de abas de bon\u00e9s e costura industrial para bon\u00e9s. O in\u00edcio das aulas acontece em diferentes momentos o longo deste segundo semestre de 2019.<br \/>\nNo momento est\u00e3o abertas, at\u00e9 o dia 20 de agosto, as inscri\u00e7\u00f5es para duas turmas de 16 vagas cada para o curso de costura industrial de camisetas. A primeira delas tem o in\u00edcio das aulas programado para o dia 2 de setembro e o encerramento para 8 de outubro. A segunda acontece entre 21 de outubro e 27 de novembro.<br \/>\nAs aulas de todos os cursos ser\u00e3o ministradas de 2\u00aa feira e 6\u00aa feira, entre 13 horas e 16 horas, no Centro de Qualifica\u00e7\u00e3o Total, no Jardim Am\u00e9rica, com carga hor\u00e1ria de 80 horas. As inscri\u00e7\u00f5es sempre devem ser feitas no CRAS mais pr\u00f3ximo da resid\u00eancia do interessado, entre 8 e 17 horas.<br \/>\nO prefeito Junior da Femac destaca o grande avan\u00e7o que vem acontecendo nos \u00faltimos 6 anos na qualifica\u00e7\u00e3o profissional da popula\u00e7\u00e3o apucaranense. \u201cDurante a gest\u00e3o Beto Preto cerca de 15 mil pessoas foram contempladas com cursos profissionalizantes, ministrados inicialmente atrav\u00e9s do Pronatec. \u201cQuando essa parceria com o Governo Federal acabou, passamos a comprar cursos do Senai, Senac, Senat e outras institui\u00e7\u00f5es, visando manter a oferta de qualifica\u00e7\u00e3o aos nossos trabalhadores\u201d, relata Junior da Femac.<br \/>\n&nbsp;<\/p>\n","protected":false},"excerpt":{"rendered":"<p>Qualifica\u00e7\u00e3o \u00e9 destinada exclusivamente ao p\u00fablico atendido pelo Programa Bolsa Fam\u00edlia (Foto &#8211; Edson Denobi)<\/p>\n","protected":false},"author":4,"featured_media":25364,"comment_status":"closed","ping_status":"open","sticky":false,"template":"","format":"standard","meta":{"footnotes":""},"categories":[24],"tags":[],"class_list":["post-25363","post","type-post","status-publish","format-standard","has-post-thumbnail","hentry","category-noticias"],"acf":[],"_links":{"self":[{"href":"http:\/\/www.apucarana.pr.gov.br\/site\/wp-json\/wp\/v2\/posts\/25363","targetHints":{"allow":["GET"]}}],"collection":[{"href":"http:\/\/www.apucarana.pr.gov.br\/site\/wp-json\/wp\/v2\/posts"}],"about":[{"href":"http:\/\/www.apucarana.pr.gov.br\/site\/wp-json\/wp\/v2\/types\/post"}],"author":[{"embeddable":true,"href":"http:\/\/www.apucarana.pr.gov.br\/site\/wp-json\/wp\/v2\/users\/4"}],"replies":[{"embeddable":true,"href":"http:\/\/www.apucarana.pr.gov.br\/site\/wp-json\/wp\/v2\/comments?post=25363"}],"version-history":[{"count":1,"href":"http:\/\/www.apucarana.pr.gov.br\/site\/wp-json\/wp\/v2\/posts\/25363\/revisions"}],"predecessor-version":[{"id":100277,"href":"http:\/\/www.apucarana.pr.gov.br\/site\/wp-json\/wp\/v2\/posts\/25363\/revisions\/100277"}],"wp:featuredmedia":[{"embeddable":true,"href":"http:\/\/www.apucarana.pr.gov.br\/site\/wp-json\/"}],"wp:attachment":[{"href":"http:\/\/www.apucarana.pr.gov.br\/site\/wp-json\/wp\/v2\/media?parent=25363"}],"wp:term":[{"taxonomy":"category","embeddable":true,"href":"http:\/\/www.apucarana.pr.gov.br\/site\/wp-json\/wp\/v2\/categories?post=25363"},{"taxonomy":"post_tag","embeddable":true,"href":"http:\/\/www.apucarana.pr.gov.br\/site\/wp-json\/wp\/v2\/tags?post=25363"}],"curies":[{"name":"wp","href":"https:\/\/api.w.org\/{rel}","templated":true}]}}