{"id":2536,"date":"2015-02-02T15:04:59","date_gmt":"2015-02-02T15:04:59","guid":{"rendered":"http:\/\/172.16.0.7\/site-antigo\/?p=2536"},"modified":"2024-10-08T09:10:23","modified_gmt":"2024-10-08T12:10:23","slug":"rua-de-recreio-atrai-mais-de-mil-criancas-a-praca-28-de-janeiro","status":"publish","type":"post","link":"http:\/\/www.apucarana.pr.gov.br\/site\/rua-de-recreio-atrai-mais-de-mil-criancas-a-praca-28-de-janeiro\/","title":{"rendered":"Rua de Recreio atrai mais de mil crian\u00e7as \u00e0 Pra\u00e7a 28 de Janeiro"},"content":{"rendered":"<p><p><span style=\"letter-spacing: -0.02em; line-height: 1.45em; background-color: initial;\">O tempo colaborou neste final de semana e a Rua de Recreio atraiu mais de mil crian\u00e7as e familiares no \u00faltimo domingo (01\/02). Realizada no per\u00edodo das 14 \u00e0s 18 horas, o evento ocorreu na Pra\u00e7a 28 de Janeiro e fez parte da programa\u00e7\u00e3o alusiva aos 71 anos de Apucarana.<\/span><\/p>\n<p>&ldquo;Em parceria com o Sesc, conseguimos proporcionar uma tarde especial para as crian\u00e7as e as fam\u00edlias, com atividades art\u00edsticas, l\u00fadicas, recreativas, esportivas e de sa\u00fade. A Rua de Recreio foi excelente e levou momentos de felicidade para todos, que vieram de v\u00e1rias regi\u00f5es da cidade&rdquo;, destaca a professora Maria Agar Borba Ferreira, secret\u00e1ria municipal de Promo\u00e7\u00e3o Art\u00edstica, Cultural e Tur\u00edstica de Apucarana. <\/p>\n<p>O evento, que foi transferido de quarta-feira para domingo por causa da chuva, disponibilizou atividades variadas e direcionadas para toda a fam\u00edlia. &ldquo;Teve cama el\u00e1stica, xadrez gigante, camarim de pintura de rosto, jogos de tabuleiros gigantes, cordas, bolas, esculturas em bal\u00f5es, pintura em rosto, pintura em cavalete e aferi\u00e7\u00e3o de press\u00e3o arterial&rdquo;, cita Maria Agar, lembrando que a biblioteca municipal ficou aberta durante o evento, fazendo carteirinhas e empr\u00e9stimos de livros, al\u00e9m de ficar dispon\u00edvel como um espa\u00e7o de leitura.<\/p>\n<p><\/p>\n","protected":false},"excerpt":{"rendered":"<p>Evento foi realizado ontem e fez parte da programa&ccedil;&atilde;o alusiva aos 71 anos de Apucarana<\/p>\n","protected":false},"author":4,"featured_media":0,"comment_status":"closed","ping_status":"closed","sticky":false,"template":"","format":"standard","meta":{"footnotes":""},"categories":[24],"tags":[],"class_list":["post-2536","post","type-post","status-publish","format-standard","hentry","category-noticias"],"acf":[],"_links":{"self":[{"href":"http:\/\/www.apucarana.pr.gov.br\/site\/wp-json\/wp\/v2\/posts\/2536","targetHints":{"allow":["GET"]}}],"collection":[{"href":"http:\/\/www.apucarana.pr.gov.br\/site\/wp-json\/wp\/v2\/posts"}],"about":[{"href":"http:\/\/www.apucarana.pr.gov.br\/site\/wp-json\/wp\/v2\/types\/post"}],"author":[{"embeddable":true,"href":"http:\/\/www.apucarana.pr.gov.br\/site\/wp-json\/wp\/v2\/users\/4"}],"replies":[{"embeddable":true,"href":"http:\/\/www.apucarana.pr.gov.br\/site\/wp-json\/wp\/v2\/comments?post=2536"}],"version-history":[{"count":1,"href":"http:\/\/www.apucarana.pr.gov.br\/site\/wp-json\/wp\/v2\/posts\/2536\/revisions"}],"predecessor-version":[{"id":104343,"href":"http:\/\/www.apucarana.pr.gov.br\/site\/wp-json\/wp\/v2\/posts\/2536\/revisions\/104343"}],"wp:attachment":[{"href":"http:\/\/www.apucarana.pr.gov.br\/site\/wp-json\/wp\/v2\/media?parent=2536"}],"wp:term":[{"taxonomy":"category","embeddable":true,"href":"http:\/\/www.apucarana.pr.gov.br\/site\/wp-json\/wp\/v2\/categories?post=2536"},{"taxonomy":"post_tag","embeddable":true,"href":"http:\/\/www.apucarana.pr.gov.br\/site\/wp-json\/wp\/v2\/tags?post=2536"}],"curies":[{"name":"wp","href":"https:\/\/api.w.org\/{rel}","templated":true}]}}