{"id":25357,"date":"2019-08-01T11:21:00","date_gmt":"2019-08-01T14:21:00","guid":{"rendered":"http:\/\/172.16.0.7\/site-antigo\/?p=25357"},"modified":"2024-10-08T09:18:59","modified_gmt":"2024-10-08T12:18:59","slug":"prefeito-emite-nota-de-pesar-pela-perda-da-pioneira-diva-bittencourt","status":"publish","type":"post","link":"http:\/\/www.apucarana.pr.gov.br\/site\/prefeito-emite-nota-de-pesar-pela-perda-da-pioneira-diva-bittencourt\/","title":{"rendered":"Prefeito emite nota de pesar pela perda da pioneira Diva Bittencourt"},"content":{"rendered":"<p>O prefeito Junior da Femac manifestou hoje profundo pesar pelo falecimento, nesta quinta-feira (01\/08), da pioneira apucaranense Sra. Diva Bittencourt, vi\u00fava do fundador da Ind\u00fastria de Baterias Eletran, Sr. Ananias Bittencourt (<i>in memorian<\/i>).<br \/>\nDona Diva Bittencourt sempre foi muito atuante no segmento de assist\u00eancia social, tendo integrado o \u201cClube das Violetas\u201d e participado de v\u00e1rias entidades assistenciais, nas quais a sua bondade e simplicidade ficaram marcadas. Ela deixa dois filhos, os empres\u00e1rios Rose Bittencourt e Jos\u00e9 Carlos Bittencourt, al\u00e9m de netos e bisnetos.<br \/>\n\u201cA dona Diva Bittencourt, 86 anos, teve a maior parte de sua vida dedicada \u00e0 fam\u00edlia e ao trabalho assistencial em Apucarana, obtendo o reconhecimento da sociedade pela sua trajet\u00f3ria\u201d, destacou o prefeito Junior da Femac, lamentando a perda da pioneira.<br \/>\nO corpo da Sra. Diva est\u00e1 sendo velado na capela mortu\u00e1ria central e seu sepultamento est\u00e1 previsto para hoje, \u00e0s 16 horas, no Cemit\u00e9rio Cristo Rei.<\/p>\n","protected":false},"excerpt":{"rendered":"<p>O sepultamento acontece na tarde de hoje, no Cemit\u00e9rio Cristo Rei<\/p>\n","protected":false},"author":4,"featured_media":25358,"comment_status":"closed","ping_status":"open","sticky":false,"template":"","format":"standard","meta":{"footnotes":""},"categories":[24],"tags":[],"class_list":["post-25357","post","type-post","status-publish","format-standard","has-post-thumbnail","hentry","category-noticias"],"acf":[],"_links":{"self":[{"href":"http:\/\/www.apucarana.pr.gov.br\/site\/wp-json\/wp\/v2\/posts\/25357","targetHints":{"allow":["GET"]}}],"collection":[{"href":"http:\/\/www.apucarana.pr.gov.br\/site\/wp-json\/wp\/v2\/posts"}],"about":[{"href":"http:\/\/www.apucarana.pr.gov.br\/site\/wp-json\/wp\/v2\/types\/post"}],"author":[{"embeddable":true,"href":"http:\/\/www.apucarana.pr.gov.br\/site\/wp-json\/wp\/v2\/users\/4"}],"replies":[{"embeddable":true,"href":"http:\/\/www.apucarana.pr.gov.br\/site\/wp-json\/wp\/v2\/comments?post=25357"}],"version-history":[{"count":1,"href":"http:\/\/www.apucarana.pr.gov.br\/site\/wp-json\/wp\/v2\/posts\/25357\/revisions"}],"predecessor-version":[{"id":100278,"href":"http:\/\/www.apucarana.pr.gov.br\/site\/wp-json\/wp\/v2\/posts\/25357\/revisions\/100278"}],"wp:featuredmedia":[{"embeddable":true,"href":"http:\/\/www.apucarana.pr.gov.br\/site\/wp-json\/"}],"wp:attachment":[{"href":"http:\/\/www.apucarana.pr.gov.br\/site\/wp-json\/wp\/v2\/media?parent=25357"}],"wp:term":[{"taxonomy":"category","embeddable":true,"href":"http:\/\/www.apucarana.pr.gov.br\/site\/wp-json\/wp\/v2\/categories?post=25357"},{"taxonomy":"post_tag","embeddable":true,"href":"http:\/\/www.apucarana.pr.gov.br\/site\/wp-json\/wp\/v2\/tags?post=25357"}],"curies":[{"name":"wp","href":"https:\/\/api.w.org\/{rel}","templated":true}]}}