{"id":2535,"date":"2015-02-02T11:44:00","date_gmt":"2015-02-02T11:44:00","guid":{"rendered":"http:\/\/172.16.0.7\/site-antigo\/?p=2535"},"modified":"2024-10-08T09:10:23","modified_gmt":"2024-10-08T12:10:23","slug":"festa-de-nossa-senhora-de-lourdes-comeca-nesta-segunda","status":"publish","type":"post","link":"http:\/\/www.apucarana.pr.gov.br\/site\/festa-de-nossa-senhora-de-lourdes-comeca-nesta-segunda\/","title":{"rendered":"Festa de Nossa Senhora de Lourdes come\u00e7a nesta segunda"},"content":{"rendered":"<\/p>\n<p>Com a realiza\u00e7\u00e3o de missa, novena e b\u00ean\u00e7\u00e3o das velas, tem in\u00edcio nesta segunda-feira (02\/02) a programa\u00e7\u00e3o da Festa de Nossa Senhora de Lourdes, padroeira da catedral, da diocese e do munic\u00edpio de Apucarana. A celebra\u00e7\u00e3o acontece a partir das 19 horas, na Catedral Nossa Senhora de Lourdes, e ser\u00e1 presidida pelo monsenhor Roberto Carrara.<\/p>\n<p>A programa\u00e7\u00e3o em louvor \u00e0 Nossa Senhora de Lourdes se estender\u00e1 at\u00e9 o dia 11, quando diariamente haver\u00e1 missa, novena e b\u00ean\u00e7\u00e3os especiais. &ldquo;Nesta segunda-feira, haver\u00e1 a b\u00ean\u00e7\u00e3o das velas, na ter\u00e7a a b\u00ean\u00e7\u00e3o da garganta, no dia 4 das gestantes, no dia 5 das fam\u00edlias e no dia 6 ocorre a b\u00ean\u00e7\u00e3o da casa e das chaves. J\u00e1 no dia 7, al\u00e9m da b\u00ean\u00e7\u00e3o dos alimentos, haver\u00e1 a entrega das fitas para os novos membros do Apostolado da Ora\u00e7\u00e3o. A novena continua nos dias seguintes, com a b\u00ean\u00e7\u00e3o aos jovens, estudantes e trabalhadores, dos doentes e da \u00e1gua&rdquo;, detalha M\u00e1rio Felipe, coordenador municipal de turismo religioso. <\/p>\n<p>O ponto alto da festa ser\u00e1 no dia 11, feriado municipal em homenagem \u00e0 padroeira de Apucarana. &Agrave;s 10 horas, haver\u00e1 missa e consagra\u00e7\u00e3o das crian\u00e7as com a participa\u00e7\u00e3o de todos os funcion\u00e1rios da Diocese de Apucarana. E, \u00e0s 19 horas, haver\u00e1 missa solene e prociss\u00e3o luminosa presidida pelo bispo Dom Celso Ant&ocirc;nio Marchiori. &ldquo;A celebra\u00e7\u00e3o ser\u00e1 transmitida pela internet, atrav\u00e9s do site <a href=\"http:\/\/www.catedralapucarana.com.br\">www.catedralapucarana.com.br<\/a> e a diocese pede que os fi\u00e9is levem vela e r\u00e1dio&rdquo;, completa M\u00e1rio Felipe. <\/p>\n<p>Todas as celebra\u00e7\u00f5es da programa\u00e7\u00e3o acontecem na Catedral Nossa Senhora de Lourdes, a partir das 19 horas, com exce\u00e7\u00e3o do dia 8, quando a celebra\u00e7\u00e3o est\u00e1 prevista para come\u00e7ar \u00e0s 19h30. Ao longo da programa\u00e7\u00e3o, as missas ser\u00e3o celebradas por diversos religiosos. Al\u00e9m do monsenhor Roberto Carrara e do bispo Dom Celso Ant&ocirc;nio Marchiori, celebra\u00e7\u00f5es ser\u00e3o presididas pelos padres Paulo Adriano do Amaral Fernandes, Nelson Muchenski, Marcos Donizete Bertanha, Eg\u00eddio de Vidi e Lino Batista de Oliveira. <\/p>\n<blockquote><p><b>PROGRAMA&Ccedil;&Atilde;O<br \/><\/b>&#8211; Dia 02\/02 (segunda-feira) \u00e0s 19h<br \/>MISSA, NOVENA E B&Ecirc;N&Ccedil;&Atilde;O DAS VELAS (trazer velas)<br \/>Presidida por Mons. Roberto Carrara<br \/>&#8211; Dia 03\/02 (ter\u00e7a-feira) &ndash; Dia de S\u00e3o Br\u00e1s \u00e0s 19h<br \/>MISSA, NOVENA E B&Ecirc;N&Ccedil;&Atilde;O DA GARGANTA<br \/>Presidida por Pe. Paulo Adriano do Amaral Fernandes<br \/>&#8211; Dia 04\/02 (quarta-feira) \u00e0s 19h<br \/>MISSA, NOVENA E B&Ecirc;N&Ccedil;&Atilde;O &Agrave;S GESTANTES<br \/>Presidida por Pe. Nelson Muchenski<br \/>&#8211; Dia 05\/02 (quinta-feira) \u00e0s 19h<br \/>MISSA, NOVENA E B&Ecirc;N&Ccedil;&Atilde;O &Agrave;S FAM&Iacute;LIAS<br \/>Presidida por Pe. Marcos Donizete Bertanha<br \/>&#8211; Dia 06\/02 (sexta-feira) \u00e0s 19h<br \/>MISSA, NOVENA E B&Ecirc;N&Ccedil;&Atilde;O DA CASA (CHAVES &#8230;)<br \/>Presidida por Pe. Eg\u00eddio de Vidi<br \/>&#8211; Dia 07\/02 (s\u00e1bado) \u00e0s 19h<br \/>MISSA, NOVENA, B&Ecirc;N&Ccedil;&Atilde;O DOS ALIMENTOS E ENTREGA DAS FITAS PARA OS NOVOS MEMBROS DO APOSTOLADO DA ORA&Ccedil;&Atilde;O<br \/>Presidida por Mons. Roberto Carrara<br \/>Transmiss\u00e3o pela R\u00e1dio Cultura de Apucarana<br \/>&#8211; Dia 08\/02 (domingo) \u00e0s 19h30<br \/>MISSA, NOVENA E B&Ecirc;N&Ccedil;&Atilde;O AOS JOVENS, ESTUDANTES E TRABALHADORES<br \/>Presidida por Mons. Roberto Carrara<br \/>Transmiss\u00e3o pela R\u00e1dio Cultura de Apucarana<br \/>&#8211; Dia 09\/02 (segunda-feira) \u00e0s 19h<br \/>MISSA, NOVENA E B&Ecirc;N&Ccedil;&Atilde;O AOS DOENTES<br \/>Presidida por Pe. Lino Batista de Oliveira<br \/>&#8211; Dia 10\/02 (ter\u00e7a-feira) \u00e0s 19h<br \/>MISSA, NOVENA E B&Ecirc;N&Ccedil;&Atilde;O DA &Aacute;GUA<br \/>Presidida por Mons. Roberto Carrara<br \/>&#8211; Dia 11\/02 (quarta-feira) SOLENIDADE DE NOSSA SENHORA DE LOURDES<br \/><strong>&Agrave;s 10h<\/strong>&ndash; MISSA E CONSAGRA&Ccedil;&Atilde;O DAS CRIAN&Ccedil;AS E PARTICIPA&Ccedil;&Atilde;O DE TODOS OS FUNCION&Aacute;RIOS DA DIOCESE DE APUCARANA<br \/>Presidida por Mons. Roberto Carrara<br \/><strong>&Agrave;s 19h<\/strong>&ndash; MISSA SOLENE E PROCISS&Atilde;O LUMINOSA<br \/>(trazer vela e r\u00e1dio)<br \/>Presidida por Dom Celso Ant&ocirc;nio Marchiori<br \/><strong>Local:<\/strong>Catedral<br \/>(Transmiss\u00e3o pela Internet no site<a href=\"http:\/\/diocesedeapucarana.com.br\/%22\/%22\"><span>www.catedralapucarana.com.br<\/span><\/a>)<br \/><strong>Obs.: Durante o per\u00edodo da novena (segunda a sexta-feira) n\u00e3o haver\u00e1 missa \u00e0s 12h, \u00e0s 15h e \u00e0s 18h15.<\/strong><\/p><\/blockquote>\n<p><\/p>\n<p><\/p>\n<blockquote><p><\/p><\/blockquote>\n<h2><\/h2>\n<\/p>\n<p><\/p>\n<p><\/p>\n","protected":false},"excerpt":{"rendered":"<p>A programa&ccedil;&atilde;o se estender&aacute; at&eacute; o dia 11, quando diariamente haver&aacute; missa, novena e b&ecirc;n&ccedil;&atilde;os especiais<\/p>\n","protected":false},"author":4,"featured_media":0,"comment_status":"closed","ping_status":"closed","sticky":false,"template":"","format":"standard","meta":{"footnotes":""},"categories":[24],"tags":[],"class_list":["post-2535","post","type-post","status-publish","format-standard","hentry","category-noticias"],"acf":[],"_links":{"self":[{"href":"http:\/\/www.apucarana.pr.gov.br\/site\/wp-json\/wp\/v2\/posts\/2535","targetHints":{"allow":["GET"]}}],"collection":[{"href":"http:\/\/www.apucarana.pr.gov.br\/site\/wp-json\/wp\/v2\/posts"}],"about":[{"href":"http:\/\/www.apucarana.pr.gov.br\/site\/wp-json\/wp\/v2\/types\/post"}],"author":[{"embeddable":true,"href":"http:\/\/www.apucarana.pr.gov.br\/site\/wp-json\/wp\/v2\/users\/4"}],"replies":[{"embeddable":true,"href":"http:\/\/www.apucarana.pr.gov.br\/site\/wp-json\/wp\/v2\/comments?post=2535"}],"version-history":[{"count":1,"href":"http:\/\/www.apucarana.pr.gov.br\/site\/wp-json\/wp\/v2\/posts\/2535\/revisions"}],"predecessor-version":[{"id":104344,"href":"http:\/\/www.apucarana.pr.gov.br\/site\/wp-json\/wp\/v2\/posts\/2535\/revisions\/104344"}],"wp:attachment":[{"href":"http:\/\/www.apucarana.pr.gov.br\/site\/wp-json\/wp\/v2\/media?parent=2535"}],"wp:term":[{"taxonomy":"category","embeddable":true,"href":"http:\/\/www.apucarana.pr.gov.br\/site\/wp-json\/wp\/v2\/categories?post=2535"},{"taxonomy":"post_tag","embeddable":true,"href":"http:\/\/www.apucarana.pr.gov.br\/site\/wp-json\/wp\/v2\/tags?post=2535"}],"curies":[{"name":"wp","href":"https:\/\/api.w.org\/{rel}","templated":true}]}}