{"id":25346,"date":"2019-07-31T16:57:35","date_gmt":"2019-07-31T19:57:35","guid":{"rendered":"http:\/\/172.16.0.7\/site-antigo\/?p=25346"},"modified":"2024-10-08T09:18:59","modified_gmt":"2024-10-08T12:18:59","slug":"feira-do-produtor-recebe-a-visita-de-alunos-da-rede-municipal-de-apucarana","status":"publish","type":"post","link":"http:\/\/www.apucarana.pr.gov.br\/site\/feira-do-produtor-recebe-a-visita-de-alunos-da-rede-municipal-de-apucarana\/","title":{"rendered":"Feira do Produtor recebe a visita de alunos da rede municipal de Apucarana"},"content":{"rendered":"<p>Um grupo de alunos da Escola Albino Biachi conheceu, na manh\u00e3 de hoje (31\/7), a Feira do Produtor de Apucarana. A visita \u00e9 uma das etapas do Programa Agrinho, desenvolvido em parceria pelo Sistema FAEP\/SENAR-PR e a Autarquia Municipal de Educa\u00e7\u00e3o.<br \/>\nCom o tema \u201cAs coisas que ligam o campo e a cidade e nosso papel para mudar o mundo\u201d, o Programa Agrinho visa levar informa\u00e7\u00f5es sobre sa\u00fade, seguran\u00e7a e conscientiza\u00e7\u00e3o ambiental ao espa\u00e7o escolar.<br \/>\n\u201cN\u00f3s percebemos que as crian\u00e7as desconheciam a import\u00e2ncia do solo para a agricultura e a subsist\u00eancia antes da realiza\u00e7\u00e3o desse projeto. Na visita de hoje, elas puderam entrevistar os produtores e entender melhor o caminho dos alimentos desde o campo at\u00e9 o supermercado,\u201d explicou a professora de ci\u00eancias Tacyemy da Silva dos Santos.<br \/>\nA coordenadora Edileusa Aparecida de Oliveira acrescentou que a turma do 3\u00ba ano j\u00e1 havia assistido a palestras com agr\u00f4nomos, produzido e distribu\u00eddo panfletos de conscientiza\u00e7\u00e3o ambiental na comunidade do Jardim Trabalhista, fabricado repelentes naturais \u00e0 base de citronela, e feito campanhas de recolhimento de pilhas e baterias.<br \/>\n\u201cPor fim, n\u00f3s estamos agendando uma visita dos estudantes \u00e0 zona rural, para que eles vejam de perto como acontecem as planta\u00e7\u00f5es,\u201d disse a coordenadora.<br \/>\nA aluna \u00c1gatha Douhei Paschoal, de 9 anos, ficou encantada ao conhecer uma produtora rural que fornece produtos para a rede municipal de ensino, por meio da chamada p\u00fablica do Programa Nacional de Alimenta\u00e7\u00e3o Escolar (PNAE). \u201cOs p\u00e3es e bolachas que eu como na escola s\u00e3o feitos pela dona Elenice, que \u00e9 uma senhora bem legal!\u201d<br \/>\n\u201cEu gostei de ir \u00e0 feira porque aprendi sobre os alimentos naturais e saud\u00e1veis. Descobri tamb\u00e9m que a esponja que usamos para tomar banho vem de uma \u00e1rvore,\u201d completou o aluno Victor Pinheiro de Oliveira, 9 anos.<\/p>\n","protected":false},"excerpt":{"rendered":"<p>A atividade faz parte do Programa Agrinho, desenvolvido pelo Sistema FAEP\/SENAR-PR e a Autarquia de Educa\u00e7\u00e3o, com o objetivo de levar informa\u00e7\u00f5es sobre sa\u00fade, seguran\u00e7a e consci\u00eancia ambiental \u00e0s crian\u00e7as<\/p>\n","protected":false},"author":4,"featured_media":25348,"comment_status":"closed","ping_status":"open","sticky":false,"template":"","format":"standard","meta":{"footnotes":""},"categories":[24],"tags":[],"class_list":["post-25346","post","type-post","status-publish","format-standard","has-post-thumbnail","hentry","category-noticias"],"acf":[],"_links":{"self":[{"href":"http:\/\/www.apucarana.pr.gov.br\/site\/wp-json\/wp\/v2\/posts\/25346","targetHints":{"allow":["GET"]}}],"collection":[{"href":"http:\/\/www.apucarana.pr.gov.br\/site\/wp-json\/wp\/v2\/posts"}],"about":[{"href":"http:\/\/www.apucarana.pr.gov.br\/site\/wp-json\/wp\/v2\/types\/post"}],"author":[{"embeddable":true,"href":"http:\/\/www.apucarana.pr.gov.br\/site\/wp-json\/wp\/v2\/users\/4"}],"replies":[{"embeddable":true,"href":"http:\/\/www.apucarana.pr.gov.br\/site\/wp-json\/wp\/v2\/comments?post=25346"}],"version-history":[{"count":1,"href":"http:\/\/www.apucarana.pr.gov.br\/site\/wp-json\/wp\/v2\/posts\/25346\/revisions"}],"predecessor-version":[{"id":100279,"href":"http:\/\/www.apucarana.pr.gov.br\/site\/wp-json\/wp\/v2\/posts\/25346\/revisions\/100279"}],"wp:featuredmedia":[{"embeddable":true,"href":"http:\/\/www.apucarana.pr.gov.br\/site\/wp-json\/"}],"wp:attachment":[{"href":"http:\/\/www.apucarana.pr.gov.br\/site\/wp-json\/wp\/v2\/media?parent=25346"}],"wp:term":[{"taxonomy":"category","embeddable":true,"href":"http:\/\/www.apucarana.pr.gov.br\/site\/wp-json\/wp\/v2\/categories?post=25346"},{"taxonomy":"post_tag","embeddable":true,"href":"http:\/\/www.apucarana.pr.gov.br\/site\/wp-json\/wp\/v2\/tags?post=25346"}],"curies":[{"name":"wp","href":"https:\/\/api.w.org\/{rel}","templated":true}]}}