{"id":2534,"date":"2015-01-31T23:21:00","date_gmt":"2015-01-31T23:21:00","guid":{"rendered":"http:\/\/172.16.0.7\/site-antigo\/?p=2534"},"modified":"2024-10-08T09:10:23","modified_gmt":"2024-10-08T12:10:23","slug":"quenianos-vencem-prova-pedestre-28-de-janeiro","status":"publish","type":"post","link":"http:\/\/www.apucarana.pr.gov.br\/site\/quenianos-vencem-prova-pedestre-28-de-janeiro\/","title":{"rendered":"Quenianos vencem Prova  Pedestre &#8220;28 de Janeiro&#8221;"},"content":{"rendered":"<\/p>\n<p><span style=\"letter-spacing: -0.02em; line-height: 1.45em; background-color: initial;\">Um p\u00fablico de cerca de 30 mil pessoas prestigiou hoje \u00e0 noite a tradicional Prova Pedestre &ldquo;28 de Janeiro&rdquo;, comemorativa ao anivers\u00e1rio de Apucarana. Mais uma vez, na 53\u00aa edi\u00e7\u00e3o da corrida de rua, disputada pelas principais vias centrais da &ldquo;cidade alta&rdquo;, teve como protagonistas atletas de elite do continente africano.<\/span><\/p>\n<p>Edwin Kipsang Rotich, do Qu\u00eania, bi-campe\u00e3o da S\u00e3o Silvestre (equipe Coquinho-Fila\/Caixa), cruzou a linha de chegada em primeiro lugar entre os homens, no percurso de 10 quil&ocirc;metros, com o tempo de 29m31s. J\u00e1 no feminino, a sua compatriota, Delvine Relin Meringor (Luasa Sports\/Caixa), foi a campe\u00e3, como tempo de 33m05s.<\/p>\n<p>Com uma organiza\u00e7\u00e3o impec\u00e1vel, tendo todos os 2.544 atletas &ldquo;chipados&rdquo;, a prova pedestre apucaranense quebrou mais um recorde de inscritos. Corredores de todo o Paran\u00e1, ao lado de paulistas, catarinenses, matogrossenses, cariocas e goianos, lan\u00e7aram suas passadas pelas ruas e avenidas centrais de Apucarana. A maior e mais tradicional corrida de rua do Paran\u00e1 fez jus a sua grandeza, com mais um recorde de participantes e um p\u00fablico espetacular nas ruas, aplaudindo e incentivando os atletas.<\/p>\n<p>Na prova dos 5 km os campe\u00f5es foram Cristiane Rodrigues de Almeida, Pamela de Carvalho Dias (2\u00ba) e Jaqueline Ferreira de Palma (3\u00ba). No masculino, ganhou Ant&ocirc;nio Nunes Evangelista, com Tauan Thiago em 2\u00ba e Victor Santos Gomes em 3\u00ba lugar.<\/p>\n<p>Perante milhares de pessoas, ao final da prova, o prefeito Beto Preto, ao lado de autoridades do Legislativo, Judici\u00e1rio, Militares e religiosas, saudou o p\u00fablico. &ldquo;Este grandioso evento esportivo encerra a programa\u00e7\u00e3o comemorativa ao 71\u00ba anivers\u00e1rio de Apucarana e, neste momento, presto agradecimento a todos que colaboraram para o seu sucesso&rdquo;, declarou o prefeito, destacando a Caixa Econ&ocirc;mica Federal, principal patrocinadora, e os demais parceiros.<\/p>\n<p>Beto Preto tamb\u00e9m agradeceu a equipe da Secretaria de Esportes, em nome do professor Paul\u00e3o Kisner, e todos os 1.000 atletas de Apucarana e outros 1.500 de fora que disputaram a prova dos 5 e dos 10 km. &ldquo;Nos \u00faltimos tr\u00eas anos esse evento cresceu em n\u00famero de participantes e em import&acirc;ncia no pedestrianismo nacional e isso contribuiu para projetar o nome de Apucarana&rdquo;, assinalou o prefeito, reiterando seus agradecimentos a todos competidores, organizadores e patrocinadores.<\/p>\n<p><b><u>RESULTADOS<\/u><\/b><\/p>\n<\/p>\n<p><b><u>5 KM FEMININO<\/u><\/b><\/p>\n<p>1\u00ba lugar &ndash; Cristiane Rodrigues de Almeida (20m23s)<\/p>\n<p>2\u00ba lugar &ndash; Pamela de Carvalho Dias (20m42s)<\/p>\n<p>3\u00ba lugar &ndash; Jaqueline Ferreira de Palma (21m25)<\/p>\n<p><b><u>5 KM MASCULINO<\/u><\/b><\/p>\n<p>1\u00ba lugar &ndash; Ant&ocirc;nio Nunes Evangelista (16m01)<\/p>\n<p>2\u00ba lugar &ndash; Tauan Thiago (16m10s)<\/p>\n<p>3\u00ba lugar &ndash; Victor Santos Gomes (16m43s)<\/p>\n<p><b><u>10 KM FEMININO<\/u><\/b><\/p>\n<p>1\u00ba lugar &ndash; Delvine Relin Meringor\/Qu\u00eania (33m05s)<\/p>\n<p>2\u00ba lugar &ndash; Failuna Abdi Matanga\/Tanz&acirc;nia (34m35s)<\/p>\n<p>3\u00ba lugar &ndash; Jaciane Barroso Ara\u00fajo\/Cruzeiro-MG (37m06s) <\/p>\n<p><b><u>10 KM MASCULINO<\/u><\/b><\/p>\n<p>1\u00ba lugar &ndash; Edwin Kipsang Rotich\/Qu\u00eania (29m31s)<\/p>\n<p>2\u00ba lugar &ndash; Fabiano Joseph Naasi\/Tanz&acirc;nia (29m38s)<\/p>\n<p>3\u00ba lugar &ndash; Altobeli Santos da Silva\/Catanduvas-SP (30m27s)<\/p>\n<p><\/p>\n","protected":false},"excerpt":{"rendered":"<p>Atletas africanos ganharam na categoria principal, no feminino e masculino<\/p>\n","protected":false},"author":4,"featured_media":0,"comment_status":"closed","ping_status":"closed","sticky":false,"template":"","format":"standard","meta":{"footnotes":""},"categories":[24],"tags":[],"class_list":["post-2534","post","type-post","status-publish","format-standard","hentry","category-noticias"],"acf":[],"_links":{"self":[{"href":"http:\/\/www.apucarana.pr.gov.br\/site\/wp-json\/wp\/v2\/posts\/2534","targetHints":{"allow":["GET"]}}],"collection":[{"href":"http:\/\/www.apucarana.pr.gov.br\/site\/wp-json\/wp\/v2\/posts"}],"about":[{"href":"http:\/\/www.apucarana.pr.gov.br\/site\/wp-json\/wp\/v2\/types\/post"}],"author":[{"embeddable":true,"href":"http:\/\/www.apucarana.pr.gov.br\/site\/wp-json\/wp\/v2\/users\/4"}],"replies":[{"embeddable":true,"href":"http:\/\/www.apucarana.pr.gov.br\/site\/wp-json\/wp\/v2\/comments?post=2534"}],"version-history":[{"count":1,"href":"http:\/\/www.apucarana.pr.gov.br\/site\/wp-json\/wp\/v2\/posts\/2534\/revisions"}],"predecessor-version":[{"id":104345,"href":"http:\/\/www.apucarana.pr.gov.br\/site\/wp-json\/wp\/v2\/posts\/2534\/revisions\/104345"}],"wp:attachment":[{"href":"http:\/\/www.apucarana.pr.gov.br\/site\/wp-json\/wp\/v2\/media?parent=2534"}],"wp:term":[{"taxonomy":"category","embeddable":true,"href":"http:\/\/www.apucarana.pr.gov.br\/site\/wp-json\/wp\/v2\/categories?post=2534"},{"taxonomy":"post_tag","embeddable":true,"href":"http:\/\/www.apucarana.pr.gov.br\/site\/wp-json\/wp\/v2\/tags?post=2534"}],"curies":[{"name":"wp","href":"https:\/\/api.w.org\/{rel}","templated":true}]}}