{"id":25338,"date":"2019-07-31T14:27:20","date_gmt":"2019-07-31T17:27:20","guid":{"rendered":"http:\/\/172.16.0.7\/site-antigo\/?p=25338"},"modified":"2024-10-08T09:18:59","modified_gmt":"2024-10-08T12:18:59","slug":"reuniao-garante-esquema-de-seguranca-da-expoagri","status":"publish","type":"post","link":"http:\/\/www.apucarana.pr.gov.br\/site\/reuniao-garante-esquema-de-seguranca-da-expoagri\/","title":{"rendered":"Reuni\u00e3o garante esquema de seguran\u00e7a da Expoagri"},"content":{"rendered":"<p>Em mais uma etapa da organiza\u00e7\u00e3o da Expoagri 2019, o prefeito Junior da Femac se reuniu ontem (30) com os comandos do 10\u00ba Batalh\u00e3o da Pol\u00edcia Militar (10\u00ba BPM), do Corpo de Bombeiros e da Guarda Municipal para tratar do esquema de seguran\u00e7a do evento. Programada para 15, 16 e 17 de agosto, a tradicional exposi\u00e7\u00e3o anual Col\u00e9gio Estadual Agr\u00edcola Manoel Ribas de Apucarana passou a contar, a partir dessa edi\u00e7\u00e3o, com a parceria da Prefeitura.<br \/>\n\u201cContamos com o apoio das for\u00e7as de seguran\u00e7a da cidade para garantir as pessoas que visitarem a Expoagri a mesma tranquilidade que tiveram durante as festas de anivers\u00e1rio da cidade, quando as fam\u00edlias puderam usufruir da programa\u00e7\u00e3o com sensa\u00e7\u00e3o de seguran\u00e7a e sem a ocorr\u00eancia de nenhum incidente\u201d, afirmou o prefeito Junior da Femac.<br \/>\nParticiparam da reuni\u00e3o com o prefeito Junior da Femac, os comandantes do 10\u00ba Batalh\u00e3o da Pol\u00edcia Militar, major Roberto Cardoso, do Corpo de Bombeiros, major Andr\u00e9 Lopes; e da Guarda Municipal, Alessandro Carletti. A programa\u00e7\u00e3o deste ano da Expoagri ter\u00e1 muitas novidades para o p\u00fablico, com pra\u00e7a de alimenta\u00e7\u00e3o com cerca de 10 barracas instaladas na rua que passa em frente ao col\u00e9gio, al\u00e9m de atra\u00e7\u00f5es art\u00edsticas. A abertura oficial da Expoagri ser\u00e1 no dia 15, \u00e0s 8 horas, seguida pela visita \u00e0 escola-fazenda e ao campo experimental.<br \/>\nNo dia 16, sexta-feira, est\u00e1 programado um ciclo de palestras durante o dia, abordando a qualidade do leite, agricultura de precis\u00e3o, fruticultura, manejo do solo, previd\u00eancia social no setor agr\u00edcola e cr\u00e9dito fundi\u00e1rio. A partir das 20H30, junto \u00e0 pra\u00e7a de alimenta\u00e7\u00e3o, na Rua Marc\u00edlio Dias, est\u00e3o programados shows com a orquestra sertaneja Facmol; seguido de show com Bruna Viola, \u00e0s 22 horas.<br \/>\nNo s\u00e1bado, dia 17 de agosto, acontece durante o dia visita\u00e7\u00e3o ao campo experimental e, na parte da manh\u00e3, palestras t\u00e9cnicas. Haver\u00e1 ainda almo\u00e7o, seguido por show roda de viola com artistas regionais. J\u00e1 a partir das 17 horas, est\u00e1 programado um show com talentos universit\u00e1rios. E, fechando as atra\u00e7\u00f5es, show com a dupla sertaneja Conrado &amp; Aleksandro.<br \/>\n<strong>SHOW DE TALENTOS<\/strong><br \/>\nProgramado para s\u00e1bado (17), a partir da 17 horas, o show de talentos abre 20 vagas para cantores ou duplas sertanejas formadas por universit\u00e1rios de Apucarana e regi\u00e3o participarem de uma apresenta\u00e7\u00e3o seletiva. O n\u00famero de vagas, portanto, \u00e9 limitado e as inscri\u00e7\u00f5es podem ser feitas Secretaria da Promo\u00e7\u00e3o Art\u00edstica, Cultural e Tur\u00edstica da Prefeitura de Apucarana (Promatur), que funciona no Cine Teatro F\u00eanix. Telefone 3423-2944.<br \/>\n\u201cOs 20 inscritos participar\u00e3o de um concurso e o escolhido pelos jurados estar\u00e1 entre as atra\u00e7\u00f5es art\u00edsticas da programa\u00e7\u00e3o oficial da Expoagri\/2020\u201d, detalha o prefeito Junior da Femac.<br \/>\n&nbsp;<br \/>\n&nbsp;<br \/>\n&nbsp;<br \/>\n&nbsp;<br \/>\n&nbsp;<\/p>\n","protected":false},"excerpt":{"rendered":"<p>Assunto foi tratado com a participa\u00e7\u00e3o do prefeito Junior da Femac e os comandos do 10\u00ba BPM, Corpo de Bombeiros e Guarda Municipal (Fotos &#8211; Edson Denobi)<\/p>\n","protected":false},"author":4,"featured_media":25340,"comment_status":"closed","ping_status":"open","sticky":false,"template":"","format":"standard","meta":{"footnotes":""},"categories":[24],"tags":[],"class_list":["post-25338","post","type-post","status-publish","format-standard","has-post-thumbnail","hentry","category-noticias"],"acf":[],"_links":{"self":[{"href":"http:\/\/www.apucarana.pr.gov.br\/site\/wp-json\/wp\/v2\/posts\/25338","targetHints":{"allow":["GET"]}}],"collection":[{"href":"http:\/\/www.apucarana.pr.gov.br\/site\/wp-json\/wp\/v2\/posts"}],"about":[{"href":"http:\/\/www.apucarana.pr.gov.br\/site\/wp-json\/wp\/v2\/types\/post"}],"author":[{"embeddable":true,"href":"http:\/\/www.apucarana.pr.gov.br\/site\/wp-json\/wp\/v2\/users\/4"}],"replies":[{"embeddable":true,"href":"http:\/\/www.apucarana.pr.gov.br\/site\/wp-json\/wp\/v2\/comments?post=25338"}],"version-history":[{"count":1,"href":"http:\/\/www.apucarana.pr.gov.br\/site\/wp-json\/wp\/v2\/posts\/25338\/revisions"}],"predecessor-version":[{"id":100280,"href":"http:\/\/www.apucarana.pr.gov.br\/site\/wp-json\/wp\/v2\/posts\/25338\/revisions\/100280"}],"wp:featuredmedia":[{"embeddable":true,"href":"http:\/\/www.apucarana.pr.gov.br\/site\/wp-json\/"}],"wp:attachment":[{"href":"http:\/\/www.apucarana.pr.gov.br\/site\/wp-json\/wp\/v2\/media?parent=25338"}],"wp:term":[{"taxonomy":"category","embeddable":true,"href":"http:\/\/www.apucarana.pr.gov.br\/site\/wp-json\/wp\/v2\/categories?post=25338"},{"taxonomy":"post_tag","embeddable":true,"href":"http:\/\/www.apucarana.pr.gov.br\/site\/wp-json\/wp\/v2\/tags?post=25338"}],"curies":[{"name":"wp","href":"https:\/\/api.w.org\/{rel}","templated":true}]}}