{"id":25334,"date":"2019-07-31T14:09:06","date_gmt":"2019-07-31T17:09:06","guid":{"rendered":"http:\/\/172.16.0.7\/site-antigo\/?p=25334"},"modified":"2024-10-08T09:18:59","modified_gmt":"2024-10-08T12:18:59","slug":"abertas-as-inscricoes-para-o-femudap2019","status":"publish","type":"post","link":"http:\/\/www.apucarana.pr.gov.br\/site\/abertas-as-inscricoes-para-o-femudap2019\/","title":{"rendered":"Abertas as inscri\u00e7\u00f5es para o Femudap\/2019"},"content":{"rendered":"<p style=\"font-weight: 400\">M\u00fasicos e compositores que desejarem participar do 5\u00ba Festival de M\u00fasica Mensagem de Apucarana (FEMUDAP) j\u00e1 podem efetivar suas inscri\u00e7\u00f5es a partir desta quarta-feira, dia 31 de julho. As confirma\u00e7\u00f5es para o festival que ser\u00e1 realizado de 25 a 27 de outubro, no Cine Teatro F\u00eanix, devem ser feitas pelo site\u00a0<a href=\"http:\/\/www.femudap.com.br\/\">http:\/\/www.femudap.com.br<\/a><\/p>\n<p style=\"font-weight: 400\">Nos \u00faltimos anos, foram inscritas em m\u00e9dia 50 m\u00fasicas in\u00e9ditas nas categorias popular e religiosa. O Femudap \u00e9 uma realiza\u00e7\u00e3o da Prefeitura de Apucarana, por meio da Secretaria da Promo\u00e7\u00e3o Art\u00edstica, Cultural e Tur\u00edstica da Prefeitura de Apucarana, com apoio do Setor da Juventude da Diocese de Apucarana. As m\u00fasicas e interpretes finalistas ser\u00e3o avaliadas e escolhidas pela Comiss\u00e3o Organizadora do festival.<\/p>\n<p style=\"font-weight: 400\">Para validar a Inscri\u00e7\u00e3o \u00e9 preciso preencher a ficha, enviar letra da m\u00fasica digitalizada,\u00a0o \u00e1udio da m\u00fasica\u00a0e comprovar o pagamento da taxa de inscri\u00e7\u00e3o via boleto. A conta para dep\u00f3sito \u00e9 Banco Sicoob Cooperativa 4374, ag\u00eancia 0001, C\/C 60610570-0, em nome de Suserli das Gra\u00e7as Ribeiro. O valor por m\u00fasica Inscrita \u00e9 de R$ 30. O comprovante de pagamento pode ser enviado para o email\u00a0<a href=\"mailto:femudap@hotmail.com\">femudap@hotmail.com<\/a>\u00a0. Mais informa\u00e7\u00f5es podem ser obtidas pelos telefones\u00a0(43) 34232944 ou (43) 99986 4185, com M\u00e1rio Felipe.<\/p>\n<p style=\"font-weight: 400\">O tema ser\u00e1\u00a0livre, com m\u00fasicas in\u00e9ditas nas categorias m\u00fasica popular e m\u00fasica religiosa. A premia\u00e7\u00e3o prev\u00ea trof\u00e9us e dinheiro do primeiro ao quinto lugar de cada categoria.<\/p>\n<p style=\"font-weight: 400\">Al\u00e9m de incentivar a criatividade musical e promover interc\u00e2mbio cultural, o Femudap busca descobrir e valorizar novos talentos incentivando o trabalho de m\u00fasicos e grupos iniciantes, bem como compositores, arranjadores e int\u00e9rpretes amadores. \u201cA m\u00fasica mensagem vem do cora\u00e7\u00e3o, da alma. Ela emana coisas boas para a vida da gente\u201d, comenta o prefeito Junior da Femac, um dos principais incentivadores da iniciativa.<\/p>\n","protected":false},"excerpt":{"rendered":"<p>Confirma\u00e7\u00f5es para o festival que ser\u00e1 realizado de 25 a 27 de outubro, no Cine Teatro F\u00eanix, devem ser feitas pelo site http:\/\/www.femudap.com.br<\/p>\n","protected":false},"author":4,"featured_media":25335,"comment_status":"closed","ping_status":"open","sticky":false,"template":"","format":"standard","meta":{"footnotes":""},"categories":[24],"tags":[],"class_list":["post-25334","post","type-post","status-publish","format-standard","has-post-thumbnail","hentry","category-noticias"],"acf":[],"_links":{"self":[{"href":"http:\/\/www.apucarana.pr.gov.br\/site\/wp-json\/wp\/v2\/posts\/25334","targetHints":{"allow":["GET"]}}],"collection":[{"href":"http:\/\/www.apucarana.pr.gov.br\/site\/wp-json\/wp\/v2\/posts"}],"about":[{"href":"http:\/\/www.apucarana.pr.gov.br\/site\/wp-json\/wp\/v2\/types\/post"}],"author":[{"embeddable":true,"href":"http:\/\/www.apucarana.pr.gov.br\/site\/wp-json\/wp\/v2\/users\/4"}],"replies":[{"embeddable":true,"href":"http:\/\/www.apucarana.pr.gov.br\/site\/wp-json\/wp\/v2\/comments?post=25334"}],"version-history":[{"count":1,"href":"http:\/\/www.apucarana.pr.gov.br\/site\/wp-json\/wp\/v2\/posts\/25334\/revisions"}],"predecessor-version":[{"id":100281,"href":"http:\/\/www.apucarana.pr.gov.br\/site\/wp-json\/wp\/v2\/posts\/25334\/revisions\/100281"}],"wp:featuredmedia":[{"embeddable":true,"href":"http:\/\/www.apucarana.pr.gov.br\/site\/wp-json\/"}],"wp:attachment":[{"href":"http:\/\/www.apucarana.pr.gov.br\/site\/wp-json\/wp\/v2\/media?parent=25334"}],"wp:term":[{"taxonomy":"category","embeddable":true,"href":"http:\/\/www.apucarana.pr.gov.br\/site\/wp-json\/wp\/v2\/categories?post=25334"},{"taxonomy":"post_tag","embeddable":true,"href":"http:\/\/www.apucarana.pr.gov.br\/site\/wp-json\/wp\/v2\/tags?post=25334"}],"curies":[{"name":"wp","href":"https:\/\/api.w.org\/{rel}","templated":true}]}}