{"id":2533,"date":"2015-01-31T10:00:00","date_gmt":"2015-01-31T10:00:00","guid":{"rendered":"http:\/\/172.16.0.7\/site-antigo\/?p=2533"},"modified":"2024-10-08T09:10:23","modified_gmt":"2024-10-08T12:10:23","slug":"palmira-fernandes-e-eleita-miss-terceira-idade-2015","status":"publish","type":"post","link":"http:\/\/www.apucarana.pr.gov.br\/site\/palmira-fernandes-e-eleita-miss-terceira-idade-2015\/","title":{"rendered":"Palmira Fernandes \u00e9 eleita Miss Terceira Idade 2015"},"content":{"rendered":"<p><p><span style=\"letter-spacing: -0.02em; line-height: 1.45em; background-color: initial;\">Disputando o t\u00edtulo com outras 18 candidatas, Palmira Fernandes, de 66 anos e moradora no Jardim Ana Maria, na regi\u00e3o do Col\u00e9gio S\u00e3o Jos\u00e9, foi eleita ontem \u00e0 noite a Miss Apucarana Terceira Idade 2015. Com o Cine Teatro F\u00eanix lotado, as participantes desfilaram em grupo e individualmente, com o apoio da torcida de familiares e amigos.<\/span><\/p>\n<p>Depois de receber a faixa e a coroa da Miss Terceira Idade 2014, Z\u00e9lia Correia, Palmira falou a sua alegria de vencer e principalmente de participar o evento. &ldquo;Entrei para me divertir e \u00e9 isso que vou continuar fazendo neste ano inteiro. N\u00e3o existe coisa melhor do que participar desse concurso. Estou muito feliz&ldquo;, declarou. Revelando-se uma pessoa bastante ativa, Palmira faz parte do Coral Nossa Senhora de Lourdes, frequenta cursos de pintura e bordado, participa de um dos 40 Grupos Conviver da Terceira Idade da cidade, entre outras atividades.<\/p>\n<p>Sempre muito aplaudidas pelo p\u00fablico, todas participantes receberam flores e v\u00e1rios brindes. O Miss Terceira Idade, promovido dentro das festividades comemorativas do anivers\u00e1rio de Apucarana, \u00e9 realizado em parceria pelas secretarias da Assist\u00eancia Social e de Promo\u00e7\u00e3o Art\u00edstica, Cultural e de Tur\u00edstica.<\/p>\n<p><\/p>\n","protected":false},"excerpt":{"rendered":"<p>Parte das comemora&ccedil;&otilde;es do anivers&aacute;rio de Apucarana, evento reuniu 19 candidatas<\/p>\n","protected":false},"author":4,"featured_media":0,"comment_status":"closed","ping_status":"closed","sticky":false,"template":"","format":"standard","meta":{"footnotes":""},"categories":[24],"tags":[],"class_list":["post-2533","post","type-post","status-publish","format-standard","hentry","category-noticias"],"acf":[],"_links":{"self":[{"href":"http:\/\/www.apucarana.pr.gov.br\/site\/wp-json\/wp\/v2\/posts\/2533","targetHints":{"allow":["GET"]}}],"collection":[{"href":"http:\/\/www.apucarana.pr.gov.br\/site\/wp-json\/wp\/v2\/posts"}],"about":[{"href":"http:\/\/www.apucarana.pr.gov.br\/site\/wp-json\/wp\/v2\/types\/post"}],"author":[{"embeddable":true,"href":"http:\/\/www.apucarana.pr.gov.br\/site\/wp-json\/wp\/v2\/users\/4"}],"replies":[{"embeddable":true,"href":"http:\/\/www.apucarana.pr.gov.br\/site\/wp-json\/wp\/v2\/comments?post=2533"}],"version-history":[{"count":1,"href":"http:\/\/www.apucarana.pr.gov.br\/site\/wp-json\/wp\/v2\/posts\/2533\/revisions"}],"predecessor-version":[{"id":104346,"href":"http:\/\/www.apucarana.pr.gov.br\/site\/wp-json\/wp\/v2\/posts\/2533\/revisions\/104346"}],"wp:attachment":[{"href":"http:\/\/www.apucarana.pr.gov.br\/site\/wp-json\/wp\/v2\/media?parent=2533"}],"wp:term":[{"taxonomy":"category","embeddable":true,"href":"http:\/\/www.apucarana.pr.gov.br\/site\/wp-json\/wp\/v2\/categories?post=2533"},{"taxonomy":"post_tag","embeddable":true,"href":"http:\/\/www.apucarana.pr.gov.br\/site\/wp-json\/wp\/v2\/tags?post=2533"}],"curies":[{"name":"wp","href":"https:\/\/api.w.org\/{rel}","templated":true}]}}