{"id":25324,"date":"2019-07-31T10:52:06","date_gmt":"2019-07-31T13:52:06","guid":{"rendered":"http:\/\/172.16.0.7\/site-antigo\/?p=25324"},"modified":"2024-10-08T09:18:59","modified_gmt":"2024-10-08T12:18:59","slug":"programacao-do-encontro-nacional-de-graffiti-sera-anunciada-na-sexta-feira","status":"publish","type":"post","link":"http:\/\/www.apucarana.pr.gov.br\/site\/programacao-do-encontro-nacional-de-graffiti-sera-anunciada-na-sexta-feira\/","title":{"rendered":"Programa\u00e7\u00e3o do encontro nacional de graffiti ser\u00e1 anunciada na sexta-feira"},"content":{"rendered":"<p>A programa\u00e7\u00e3o oficial do 3\u00ba Encontro Nacional de Graffiti Wall of Street ser\u00e1 conhecida nesta sexta-feira (02\/08), atrav\u00e9s de uma entrevista coletiva \u00e0 imprensa que acontecer\u00e1 \u00e0s 9 horas, no Cine Teatro F\u00eanix. A Secretaria Municipal da Promo\u00e7\u00e3o Art\u00edstica, Cultural e Tur\u00edstica de Apucarana (Promatur) e\u00a0demais organizadores divulgar\u00e3o detalhes do evento,\u00a0 que vai ocorrer nos dias 16, 17 e 18 de agosto.<br \/>\nDe acordo com a professora Maria Agar, secret\u00e1ria da Promatur, ser\u00e3o divulgadas todas as a\u00e7\u00f5es programadas, bem como o nome dos cerca de 50 grafiteiros que vir\u00e3o de v\u00e1rias partes do Brasil. \u00a0\u201cAs atividades do encontro ser\u00e3o desenvolvidas a c\u00e9u aberto, no entorno do Col\u00e9gio Estadual Nilo Cairo, visando garantir uma proximidade maior entre os artistas e o p\u00fablico\u201d, adianta Maria Agar.<br \/>\nO prefeito de Apucarana, Junior da Femac, afirma que o Munic\u00edpio ap\u00f3ia o evento, atrav\u00e9s da Promatur, e vai contribuir com alimenta\u00e7\u00e3o, aquisi\u00e7\u00e3o de sprays, som, palco, interdi\u00e7\u00e3o de ruas pela Guarda Municipal e presen\u00e7a de equipe de sa\u00fade.\u201d\u00c9 uma atividade que faz parte da cultura popular urbana, sendo uma oportunidade para as pessoas conhecerem melhor essa express\u00e3o cultural e de interagir com os artistas \u201d, frisa Junior da Femac.<br \/>\nSegundo a professora Maria Agar, a inten\u00e7\u00e3o \u00e9 criar eventos em Apucarana que tenham sequ\u00eancia e se consolidem como uma marca da cidade. \u201cJ\u00e1 temos o exemplo do Festival de M\u00fasica Mensagem, o Femudap, que tem uma repercuss\u00e3o nacional e atrai artistas de v\u00e1rias partes do Pa\u00eds. Acreditamos que o Encontro Nacional de Graffiti, que j\u00e1 est\u00e1 na sua terceira edi\u00e7\u00e3o, tamb\u00e9m tem esse potencial\u201d, avalia Maria Agar.<br \/>\nAl\u00e9m da constru\u00e7\u00e3o de obras de arte c\u00e9u aberto, o 3\u00ba Encontro Nacional de Grafitti dever\u00e1 ter apresenta\u00e7\u00f5es de dan\u00e7a de rua conhecidas como break, m\u00fasicas ao vivo com a presen\u00e7a de MC\u00b4s e DJS. \u201cA inten\u00e7\u00e3o \u00e9 aglutinar todos os elementos que comp\u00f5em a chamada cultura de rua: o Hip Hop\u201d, afirma o grafiteiro M\u00e1rcio Zion, idealizador do evento.<\/p>\n","protected":false},"excerpt":{"rendered":"<p>Detalhes do evento que acontecer\u00e1 em Apucarana ser\u00e3o divulgados atrav\u00e9s de uma entrevista coletiva \u00e0 imprensa, \u00e0s 9 horas, no Cine Teatro F\u00eanix. <\/p>\n","protected":false},"author":4,"featured_media":25326,"comment_status":"closed","ping_status":"open","sticky":false,"template":"","format":"standard","meta":{"footnotes":""},"categories":[24],"tags":[],"class_list":["post-25324","post","type-post","status-publish","format-standard","has-post-thumbnail","hentry","category-noticias"],"acf":[],"_links":{"self":[{"href":"http:\/\/www.apucarana.pr.gov.br\/site\/wp-json\/wp\/v2\/posts\/25324","targetHints":{"allow":["GET"]}}],"collection":[{"href":"http:\/\/www.apucarana.pr.gov.br\/site\/wp-json\/wp\/v2\/posts"}],"about":[{"href":"http:\/\/www.apucarana.pr.gov.br\/site\/wp-json\/wp\/v2\/types\/post"}],"author":[{"embeddable":true,"href":"http:\/\/www.apucarana.pr.gov.br\/site\/wp-json\/wp\/v2\/users\/4"}],"replies":[{"embeddable":true,"href":"http:\/\/www.apucarana.pr.gov.br\/site\/wp-json\/wp\/v2\/comments?post=25324"}],"version-history":[{"count":1,"href":"http:\/\/www.apucarana.pr.gov.br\/site\/wp-json\/wp\/v2\/posts\/25324\/revisions"}],"predecessor-version":[{"id":100282,"href":"http:\/\/www.apucarana.pr.gov.br\/site\/wp-json\/wp\/v2\/posts\/25324\/revisions\/100282"}],"wp:featuredmedia":[{"embeddable":true,"href":"http:\/\/www.apucarana.pr.gov.br\/site\/wp-json\/"}],"wp:attachment":[{"href":"http:\/\/www.apucarana.pr.gov.br\/site\/wp-json\/wp\/v2\/media?parent=25324"}],"wp:term":[{"taxonomy":"category","embeddable":true,"href":"http:\/\/www.apucarana.pr.gov.br\/site\/wp-json\/wp\/v2\/categories?post=25324"},{"taxonomy":"post_tag","embeddable":true,"href":"http:\/\/www.apucarana.pr.gov.br\/site\/wp-json\/wp\/v2\/tags?post=25324"}],"curies":[{"name":"wp","href":"https:\/\/api.w.org\/{rel}","templated":true}]}}