{"id":2532,"date":"2015-01-30T16:41:59","date_gmt":"2015-01-30T16:41:59","guid":{"rendered":"http:\/\/172.16.0.7\/site-antigo\/?p=2532"},"modified":"2024-10-08T09:10:24","modified_gmt":"2024-10-08T12:10:24","slug":"escolas-municipais-sao-contempladas-com-projetores-multimidia","status":"publish","type":"post","link":"http:\/\/www.apucarana.pr.gov.br\/site\/escolas-municipais-sao-contempladas-com-projetores-multimidia\/","title":{"rendered":"Escolas municipais s\u00e3o contempladas com projetores multim\u00eddia"},"content":{"rendered":"<p><p>Visando melhorar ainda mais a qualidade de ensino da rede p\u00fablica municipal, a Autarquia de Educa\u00e7\u00e3o de Apucarana adquiriu projetores multim\u00eddia do tipo Data Show e telas de proje\u00e7\u00e3o para cada uma das suas 59 unidades escolares. <\/p>\n<p>O repasse dos equipamentos foi realizado na tarde da \u00faltima ter\u00e7a-feira (27\/01), na Ch\u00e1cara Recanto Sossego, durante encontro promovido com as diretoras, coordenadoras e orientadoras das escolas e centros municipais de educa\u00e7\u00e3o infantil (CMEIs) para o planejamento do ano letivo 2015. O investimento soma aproximadamente R$ 95 mil.<\/p>\n<p>A solenidade contou com a presen\u00e7a do prefeito Beto Preto, do presidente da C&acirc;mara, vereador Jos\u00e9 Airton Deco de Ara\u00fajo, do secret\u00e1rio de governo, S\u00e9rgio Luiz Barroso, e da diretora-presidente da Autarquia Municipal de Educa\u00e7\u00e3o, professora Marli Fernandes. A cada institui\u00e7\u00e3o de ensino coube um aparelho e uma tela de proje\u00e7\u00e3o.<\/p>\n<p>Segundo professora Marli, os projetores multim\u00eddia v\u00e3o auxiliar nos trabalhos da gest\u00e3o escolar, podendo ser utilizados em reuni\u00f5es com a equipe docente, na presta\u00e7\u00e3o de contas para os pais e a comunidade em geral e em outros eventos organizados pelas unidades de ensino. <\/p>\n<p>J\u00e1 para as salas de aula, professora Marli ainda lembra que, no final do ano passado, a AME enviou televisores de 29 polegadas com entrada USB. &ldquo;Na volta \u00e0s aulas, os alunos encontrar\u00e3o cada sala dotada de aparelho pr\u00f3prio, que o professor poder\u00e1 se valer para levar desde imagens e gr\u00e1ficos at\u00e9 filmes e document\u00e1rios que complementem o conte\u00fado ministrado.&rdquo;, frisou.<\/p>\n<p>O come\u00e7o do ano letivo nas escolas da rede municipal est\u00e1 programado para o pr\u00f3ximo dia 9 de fevereiro, enquanto que os CMEIs j\u00e1 retomaram suas atividades normais em 19 de janeiro.<span> <\/span><\/p>\n<p><\/p>\n","protected":false},"excerpt":{"rendered":"<p>A Autarquia Municipal de Educa&ccedil;&atilde;o adquiriu projetores multim&iacute;dia do tipo Data Show  e telas de proje&ccedil;&atilde;o para cada uma das suas 59 unidades escolares.<\/p>\n","protected":false},"author":4,"featured_media":0,"comment_status":"closed","ping_status":"closed","sticky":false,"template":"","format":"standard","meta":{"footnotes":""},"categories":[24],"tags":[],"class_list":["post-2532","post","type-post","status-publish","format-standard","hentry","category-noticias"],"acf":[],"_links":{"self":[{"href":"http:\/\/www.apucarana.pr.gov.br\/site\/wp-json\/wp\/v2\/posts\/2532","targetHints":{"allow":["GET"]}}],"collection":[{"href":"http:\/\/www.apucarana.pr.gov.br\/site\/wp-json\/wp\/v2\/posts"}],"about":[{"href":"http:\/\/www.apucarana.pr.gov.br\/site\/wp-json\/wp\/v2\/types\/post"}],"author":[{"embeddable":true,"href":"http:\/\/www.apucarana.pr.gov.br\/site\/wp-json\/wp\/v2\/users\/4"}],"replies":[{"embeddable":true,"href":"http:\/\/www.apucarana.pr.gov.br\/site\/wp-json\/wp\/v2\/comments?post=2532"}],"version-history":[{"count":1,"href":"http:\/\/www.apucarana.pr.gov.br\/site\/wp-json\/wp\/v2\/posts\/2532\/revisions"}],"predecessor-version":[{"id":104347,"href":"http:\/\/www.apucarana.pr.gov.br\/site\/wp-json\/wp\/v2\/posts\/2532\/revisions\/104347"}],"wp:attachment":[{"href":"http:\/\/www.apucarana.pr.gov.br\/site\/wp-json\/wp\/v2\/media?parent=2532"}],"wp:term":[{"taxonomy":"category","embeddable":true,"href":"http:\/\/www.apucarana.pr.gov.br\/site\/wp-json\/wp\/v2\/categories?post=2532"},{"taxonomy":"post_tag","embeddable":true,"href":"http:\/\/www.apucarana.pr.gov.br\/site\/wp-json\/wp\/v2\/tags?post=2532"}],"curies":[{"name":"wp","href":"https:\/\/api.w.org\/{rel}","templated":true}]}}